{"id":5846,"date":"2022-10-31T10:32:28","date_gmt":"2022-10-31T10:32:28","guid":{"rendered":"https:\/\/vivaitaly.se\/?p=5846"},"modified":"2023-01-18T19:37:52","modified_gmt":"2023-01-18T19:37:52","slug":"bergamo","status":"publish","type":"post","link":"https:\/\/vivaitaly.se\/sv\/stad\/bergamo.html","title":{"rendered":"Bergamo \u2013 Res till en av Italiens vackraste p\u00e4rlor!"},"content":{"rendered":"\n<p class=\"has-large-font-size\">I norra Italien, ett stenkast fr\u00e5n <a href=\"https:\/\/vivaitaly.se\/sv\/stad\/milano.html\">Milano<\/a>, finner vi den historiska staden Bergamo. Bergamos charm \u00e4r fortsatt n\u00e5got av en hemlighet. Detta \u00e4r ett <a href=\"https:\/\/vivaitaly.se\/sv\/a\/resmal-italien.html\">resm\u00e5l<\/a> f\u00f6r dig som \u00e4r ute efter den goda italienska maten, historiska byggnader och m\u00e5nga sp\u00e4nnande utflykter och platser att uppt\u00e4cka!<\/p>\n\n\n\n<h2 class=\"wp-block-heading\"><strong>Hur tar du dig till Bergamo?<\/strong><\/h2>\n\n\n\n<p>Enklaste s\u00e4ttet att resa till Bergamo p\u00e5 \u00e4r med flyg. D\u00e5 kommer du att flyga till Milan Bergamo Airport eller till Milan Linate Airport. Den sistn\u00e4mnda ligger bara 8 km fr\u00e5n Bergamos centrum men du kan hitta riktigt billiga flyg till Milan Bergamo som ligger 46 km fr\u00e5n staden.<\/p>\n\n\n\n<p>V\u00e4l framme p\u00e5 flygplatsen kan du \u00e5ka med buss. Det tar inte mer \u00e4n en kvart att komma fram till Bergamos t\u00e5gstation p\u00e5 detta vis fr\u00e5n flygplatsen som ligger n\u00e4rmst. Det g\u00e5r ocks\u00e5 att \u00e5ka t\u00e5g till Milano och ta en buss till Bergamo d\u00e4rifr\u00e5n.<\/p>\n\n\n\n<h2 class=\"wp-block-heading\"><strong>B\u00e4sta \u00e5rstiden att bes\u00f6ka staden<\/strong><\/h2>\n\n\n\n<p>I norra Italien \u00e4r det lite kyligare \u00e4n i de s\u00f6dra delarna av landet. Vill du ha varmt v\u00e4der \u00e4r det perioden juni till augusti som g\u00e4ller. Men \u00e4ven under v\u00e5r och h\u00f6st \u00e4r det behagliga temperaturer och inte farligt mycket nederb\u00f6rd. Det regnar som mest i maj, juni, juli och augusti vilket kan vara bra att t\u00e4nka p\u00e5 d\u00e5 du planerar en semester till Bergamo.<\/p>\n\n\n\n<h2 class=\"wp-block-heading\"><strong>Vad kan du g\u00f6ra i Bergamo?<\/strong><\/h2>\n\n\n\n<p>Bergamo har f\u00e5tt smeknamnet Italiens b\u00e4st bevarade hemlighet. Inte bara f\u00f6r att staden \u00e4r s\u00e5 vacker och trevlig att vistas i. Det h\u00e4r \u00e4r ocks\u00e5 en stad d\u00e4r du kommer att f\u00e5 mycket att g\u00f6ra och se. Ett bes\u00f6k passar hela familjen. Tv\u00e5 timmar fr\u00e5n Bergamo finns <a href=\"https:\/\/vivaitaly.se\/sv\/stad\/burano.html\">\u00f6n Burano<\/a> som ocks\u00e5 \u00e4r en attraktion under semestern till <a href=\"https:\/\/vivaitaly.se\/sv\/stad\/burano.html\">Venedig<\/a>.<\/p>\n\n\n\n<h3 class=\"wp-block-heading\">Bes\u00f6k den venetianska muren<\/h3>\n\n\n\n<p>M\u00e5nga turister tar sig till Bergamo enbart f\u00f6r denna attraktion. Den venetianska muren \u00e4r vacker och har utsetts till UNESCO V\u00e4rldsarv \u00e5r 2017. Det r\u00f6r sig om ett n\u00e4tverk av murar som sammanlagt best\u00e5r av 6 km mur som omger staden.&nbsp;<\/p>\n\n\n\n<p>Denna mur har funnits p\u00e5 samma plats sedan den byggdes av den Venetianska Republiken \u00e5r 1561 som ett skydd mot anfall. D\u00e5 muren inte har varit med om n\u00e5gra krig s\u00e5 \u00e4r den i gott skick. Inuti muren finns det tunnlar och kammare som det ibland g\u00e5r att bes\u00f6ka med guide.<\/p>\n\n\n\n<h3 class=\"wp-block-heading\">Ta en promenad i gamla stan<\/h3>\n\n\n\n<p>Citta Alta \u00e4r Bergamos gamla stad. D\u00e4r finns det mysiga gator med kullersten. L\u00e4ngsmed gatorna finner du butiker, caf\u00e9er och restauranger. Sl\u00e5 dig ner p\u00e5 en b\u00e4nk p\u00e5 ett torg f\u00f6r att vila en stund och kika p\u00e5 de historiska byggnaderna.<\/p>\n\n\n\n<h3 class=\"wp-block-heading\">\u00c5k med Funicular till gamla stan<\/h3>\n\n\n\n<p>Om du tycker att det \u00e4r jobbigt att g\u00e5 upp till Bergamos gamla stad s\u00e5 kan du anv\u00e4nda dig av stadens sp\u00e5rv\u00e4gsvagn som kallas f\u00f6r Funicular. Den h\u00e4r sp\u00e5rv\u00e4gen har mer \u00e4n 100 \u00e5r p\u00e5 nacken men oroa dig inte. Den servas med j\u00e4mna mellanrum!<\/p>\n\n\n\n<p>Dessutom drivs den inte l\u00e4ngre med \u00e5nga som var fallet d\u00e5 den \u00f6ppnades \u00e5r 1887. Fast trots att det numera \u00e4r en modern sp\u00e5rvagn s\u00e5 har den en antik k\u00e4nsla. Du f\u00e5r fantastisk utsikt p\u00e5 v\u00e4gen upp \u00f6ver den nyare delen av staden.<\/p>\n\n\n\n<h3 class=\"wp-block-heading\">\u00c4t Stracciatella glass d\u00e4r den en g\u00e5ng lanserades<\/h3>\n\n\n\n<p>Det var i Bergamo som glassen med namnet Stracciatella Gelato en g\u00e5ng lanserades. Det h\u00e4r \u00e4r vaniljglass med choklad som f\u00f6rst b\u00f6rjade produceras p\u00e5 restaurangen La Marianna. Receptet bygger faktiskt p\u00e5 en soppa fr\u00e5n <a href=\"https:\/\/vivaitaly.se\/sv\/stad\/rom.html\">Rom<\/a> men inte smakar det soppa, bara ljuvlig gelato!<\/p>\n","protected":false},"excerpt":{"rendered":"<p>I norra Italien, ett stenkast fr\u00e5n Milano, finner vi den historiska staden Bergamo. Bergamos charm \u00e4r fortsatt n\u00e5got av en hemlighet. Detta \u00e4r ett resm\u00e5l f\u00f6r dig som \u00e4r ute efter den goda italienska maten, historiska byggnader och m\u00e5nga sp\u00e4nnande utflykter och platser att uppt\u00e4cka! Hur tar du dig till Bergamo? Enklaste s\u00e4ttet att resa [&hellip;]<\/p>\n","protected":false},"author":4,"featured_media":5766,"comment_status":"closed","ping_status":"closed","sticky":false,"template":"","format":"standard","meta":{"footnotes":""},"categories":[72],"tags":[],"class_list":["post-5846","post","type-post","status-publish","format-standard","has-post-thumbnail","hentry","category-stad"],"yoast_head":"<!-- This site is optimized with the Yoast SEO plugin v27.3 - https:\/\/yoast.com\/product\/yoast-seo-wordpress\/ -->\n<title>Bergamo - en av italiens stadsp\u00e4rlor | Vivaitaly.se<\/title>\n<meta name=\"description\" content=\"L\u00e4s om Bergamo \u2013 Res till en av Italiens vackraste p\u00e4rlor! \u2713 Objektiva guider \u2713 Sev\u00e4rdheter \u2713 Tips &amp; rekommendationer \u2713 Reseguide Bergamo.\" \/>\n<meta name=\"robots\" content=\"index, follow, max-snippet:-1, max-image-preview:large, max-video-preview:-1\" \/>\n<link rel=\"canonical\" href=\"https:\/\/vivaitaly.se\/sv\/stad\/bergamo.html\" \/>\n<meta property=\"og:locale\" content=\"sv_SE\" \/>\n<meta property=\"og:type\" content=\"article\" \/>\n<meta property=\"og:title\" content=\"Bergamo - en av italiens stadsp\u00e4rlor | Vivaitaly.se\" \/>\n<meta property=\"og:description\" content=\"L\u00e4s om Bergamo \u2013 Res till en av Italiens vackraste p\u00e4rlor! \u2713 Objektiva guider \u2713 Sev\u00e4rdheter \u2713 Tips &amp; rekommendationer \u2713 Reseguide Bergamo.\" \/>\n<meta property=\"og:url\" content=\"https:\/\/vivaitaly.se\/sv\/stad\/bergamo.html\" \/>\n<meta property=\"og:site_name\" content=\"Vivaitaly.se\" \/>\n<meta property=\"article:published_time\" content=\"2022-10-31T10:32:28+00:00\" \/>\n<meta property=\"article:modified_time\" content=\"2023-01-18T19:37:52+00:00\" \/>\n<meta property=\"og:image\" content=\"https:\/\/vivaitaly.se\/wp-content\/uploads\/2022\/10\/bergamo.jpg\" \/>\n\t<meta property=\"og:image:width\" content=\"1200\" \/>\n\t<meta property=\"og:image:height\" content=\"799\" \/>\n\t<meta property=\"og:image:type\" content=\"image\/jpeg\" \/>\n<meta name=\"author\" content=\"Maria\" \/>\n<meta name=\"twitter:card\" content=\"summary_large_image\" \/>\n<meta name=\"twitter:label1\" content=\"Skriven av\" \/>\n\t<meta name=\"twitter:data1\" content=\"Maria\" \/>\n\t<meta name=\"twitter:label2\" content=\"Ber\u00e4knad l\u00e4stid\" \/>\n\t<meta name=\"twitter:data2\" content=\"3 minuter\" \/>\n<script type=\"application\/ld+json\" class=\"yoast-schema-graph\">{\"@context\":\"https:\\\/\\\/schema.org\",\"@graph\":[{\"@type\":\"Article\",\"@id\":\"https:\\\/\\\/vivaitaly.se\\\/sv\\\/stad\\\/bergamo.html#article\",\"isPartOf\":{\"@id\":\"https:\\\/\\\/vivaitaly.se\\\/sv\\\/stad\\\/bergamo.html\"},\"author\":{\"name\":\"Maria\",\"@id\":\"https:\\\/\\\/vivaitaly.se\\\/sv\\\/#\\\/schema\\\/person\\\/bab78219aea067e6a02ff2fcfd754437\"},\"headline\":\"Bergamo \u2013 Res till en av Italiens vackraste p\u00e4rlor!\",\"datePublished\":\"2022-10-31T10:32:28+00:00\",\"dateModified\":\"2023-01-18T19:37:52+00:00\",\"mainEntityOfPage\":{\"@id\":\"https:\\\/\\\/vivaitaly.se\\\/sv\\\/stad\\\/bergamo.html\"},\"wordCount\":643,\"publisher\":{\"@id\":\"https:\\\/\\\/vivaitaly.se\\\/sv\\\/#organization\"},\"image\":{\"@id\":\"https:\\\/\\\/vivaitaly.se\\\/sv\\\/stad\\\/bergamo.html#primaryimage\"},\"thumbnailUrl\":\"https:\\\/\\\/vivaitaly.se\\\/wp-content\\\/uploads\\\/2022\\\/10\\\/bergamo.jpg\",\"articleSection\":[\"Italienska st\u00e4der\"],\"inLanguage\":\"sv-SE\"},{\"@type\":\"WebPage\",\"@id\":\"https:\\\/\\\/vivaitaly.se\\\/sv\\\/stad\\\/bergamo.html\",\"url\":\"https:\\\/\\\/vivaitaly.se\\\/sv\\\/stad\\\/bergamo.html\",\"name\":\"Bergamo - en av italiens stadsp\u00e4rlor | Vivaitaly.se\",\"isPartOf\":{\"@id\":\"https:\\\/\\\/vivaitaly.se\\\/sv\\\/#website\"},\"primaryImageOfPage\":{\"@id\":\"https:\\\/\\\/vivaitaly.se\\\/sv\\\/stad\\\/bergamo.html#primaryimage\"},\"image\":{\"@id\":\"https:\\\/\\\/vivaitaly.se\\\/sv\\\/stad\\\/bergamo.html#primaryimage\"},\"thumbnailUrl\":\"https:\\\/\\\/vivaitaly.se\\\/wp-content\\\/uploads\\\/2022\\\/10\\\/bergamo.jpg\",\"datePublished\":\"2022-10-31T10:32:28+00:00\",\"dateModified\":\"2023-01-18T19:37:52+00:00\",\"description\":\"L\u00e4s om Bergamo \u2013 Res till en av Italiens vackraste p\u00e4rlor! \u2713 Objektiva guider \u2713 Sev\u00e4rdheter \u2713 Tips & rekommendationer \u2713 Reseguide Bergamo.\",\"breadcrumb\":{\"@id\":\"https:\\\/\\\/vivaitaly.se\\\/sv\\\/stad\\\/bergamo.html#breadcrumb\"},\"inLanguage\":\"sv-SE\",\"potentialAction\":[{\"@type\":\"ReadAction\",\"target\":[\"https:\\\/\\\/vivaitaly.se\\\/sv\\\/stad\\\/bergamo.html\"]}]},{\"@type\":\"ImageObject\",\"inLanguage\":\"sv-SE\",\"@id\":\"https:\\\/\\\/vivaitaly.se\\\/sv\\\/stad\\\/bergamo.html#primaryimage\",\"url\":\"https:\\\/\\\/vivaitaly.se\\\/wp-content\\\/uploads\\\/2022\\\/10\\\/bergamo.jpg\",\"contentUrl\":\"https:\\\/\\\/vivaitaly.se\\\/wp-content\\\/uploads\\\/2022\\\/10\\\/bergamo.jpg\",\"width\":1200,\"height\":799,\"caption\":\"Bergamo, Italien\"},{\"@type\":\"BreadcrumbList\",\"@id\":\"https:\\\/\\\/vivaitaly.se\\\/sv\\\/stad\\\/bergamo.html#breadcrumb\",\"itemListElement\":[{\"@type\":\"ListItem\",\"position\":1,\"name\":\"Home\",\"item\":\"https:\\\/\\\/vivaitaly.se\\\/sv\"},{\"@type\":\"ListItem\",\"position\":2,\"name\":\"Bergamo \u2013 Res till en av Italiens vackraste p\u00e4rlor!\"}]},{\"@type\":\"WebSite\",\"@id\":\"https:\\\/\\\/vivaitaly.se\\\/sv\\\/#website\",\"url\":\"https:\\\/\\\/vivaitaly.se\\\/sv\\\/\",\"name\":\"Vivaitaly.se\",\"description\":\"\",\"publisher\":{\"@id\":\"https:\\\/\\\/vivaitaly.se\\\/sv\\\/#organization\"},\"potentialAction\":[{\"@type\":\"SearchAction\",\"target\":{\"@type\":\"EntryPoint\",\"urlTemplate\":\"https:\\\/\\\/vivaitaly.se\\\/sv\\\/?s={search_term_string}\"},\"query-input\":{\"@type\":\"PropertyValueSpecification\",\"valueRequired\":true,\"valueName\":\"search_term_string\"}}],\"inLanguage\":\"sv-SE\"},{\"@type\":\"Organization\",\"@id\":\"https:\\\/\\\/vivaitaly.se\\\/sv\\\/#organization\",\"name\":\"Vivaitaly.se\",\"url\":\"https:\\\/\\\/vivaitaly.se\\\/sv\\\/\",\"logo\":{\"@type\":\"ImageObject\",\"inLanguage\":\"sv-SE\",\"@id\":\"https:\\\/\\\/vivaitaly.se\\\/sv\\\/#\\\/schema\\\/logo\\\/image\\\/\",\"url\":\"https:\\\/\\\/vivaitaly.se\\\/wp-content\\\/uploads\\\/2022\\\/09\\\/viva-italy-logo.png\",\"contentUrl\":\"https:\\\/\\\/vivaitaly.se\\\/wp-content\\\/uploads\\\/2022\\\/09\\\/viva-italy-logo.png\",\"width\":300,\"height\":128,\"caption\":\"Vivaitaly.se\"},\"image\":{\"@id\":\"https:\\\/\\\/vivaitaly.se\\\/sv\\\/#\\\/schema\\\/logo\\\/image\\\/\"}},{\"@type\":\"Person\",\"@id\":\"https:\\\/\\\/vivaitaly.se\\\/sv\\\/#\\\/schema\\\/person\\\/bab78219aea067e6a02ff2fcfd754437\",\"name\":\"Maria\",\"image\":{\"@type\":\"ImageObject\",\"inLanguage\":\"sv-SE\",\"@id\":\"https:\\\/\\\/secure.gravatar.com\\\/avatar\\\/2c1f0dda4c2eb5208ec6d95d7b9c6d83e444146635cf57cb214db07bf390c46f?s=96&d=mm&r=g\",\"url\":\"https:\\\/\\\/secure.gravatar.com\\\/avatar\\\/2c1f0dda4c2eb5208ec6d95d7b9c6d83e444146635cf57cb214db07bf390c46f?s=96&d=mm&r=g\",\"contentUrl\":\"https:\\\/\\\/secure.gravatar.com\\\/avatar\\\/2c1f0dda4c2eb5208ec6d95d7b9c6d83e444146635cf57cb214db07bf390c46f?s=96&d=mm&r=g\",\"caption\":\"Maria\"},\"url\":\"https:\\\/\\\/vivaitaly.se\\\/sv\\\/author\\\/maria\"}]}<\/script>\n<!-- \/ Yoast SEO plugin. -->","yoast_head_json":{"title":"Bergamo - en av italiens stadsp\u00e4rlor | Vivaitaly.se","description":"L\u00e4s om Bergamo \u2013 Res till en av Italiens vackraste p\u00e4rlor! \u2713 Objektiva guider \u2713 Sev\u00e4rdheter \u2713 Tips & rekommendationer \u2713 Reseguide Bergamo.","robots":{"index":"index","follow":"follow","max-snippet":"max-snippet:-1","max-image-preview":"max-image-preview:large","max-video-preview":"max-video-preview:-1"},"canonical":"https:\/\/vivaitaly.se\/sv\/stad\/bergamo.html","og_locale":"sv_SE","og_type":"article","og_title":"Bergamo - en av italiens stadsp\u00e4rlor | Vivaitaly.se","og_description":"L\u00e4s om Bergamo \u2013 Res till en av Italiens vackraste p\u00e4rlor! \u2713 Objektiva guider \u2713 Sev\u00e4rdheter \u2713 Tips & rekommendationer \u2713 Reseguide Bergamo.","og_url":"https:\/\/vivaitaly.se\/sv\/stad\/bergamo.html","og_site_name":"Vivaitaly.se","article_published_time":"2022-10-31T10:32:28+00:00","article_modified_time":"2023-01-18T19:37:52+00:00","og_image":[{"width":1200,"height":799,"url":"https:\/\/vivaitaly.se\/wp-content\/uploads\/2022\/10\/bergamo.jpg","type":"image\/jpeg"}],"author":"Maria","twitter_card":"summary_large_image","twitter_misc":{"Skriven av":"Maria","Ber\u00e4knad l\u00e4stid":"3 minuter"},"schema":{"@context":"https:\/\/schema.org","@graph":[{"@type":"Article","@id":"https:\/\/vivaitaly.se\/sv\/stad\/bergamo.html#article","isPartOf":{"@id":"https:\/\/vivaitaly.se\/sv\/stad\/bergamo.html"},"author":{"name":"Maria","@id":"https:\/\/vivaitaly.se\/sv\/#\/schema\/person\/bab78219aea067e6a02ff2fcfd754437"},"headline":"Bergamo \u2013 Res till en av Italiens vackraste p\u00e4rlor!","datePublished":"2022-10-31T10:32:28+00:00","dateModified":"2023-01-18T19:37:52+00:00","mainEntityOfPage":{"@id":"https:\/\/vivaitaly.se\/sv\/stad\/bergamo.html"},"wordCount":643,"publisher":{"@id":"https:\/\/vivaitaly.se\/sv\/#organization"},"image":{"@id":"https:\/\/vivaitaly.se\/sv\/stad\/bergamo.html#primaryimage"},"thumbnailUrl":"https:\/\/vivaitaly.se\/wp-content\/uploads\/2022\/10\/bergamo.jpg","articleSection":["Italienska st\u00e4der"],"inLanguage":"sv-SE"},{"@type":"WebPage","@id":"https:\/\/vivaitaly.se\/sv\/stad\/bergamo.html","url":"https:\/\/vivaitaly.se\/sv\/stad\/bergamo.html","name":"Bergamo - en av italiens stadsp\u00e4rlor | Vivaitaly.se","isPartOf":{"@id":"https:\/\/vivaitaly.se\/sv\/#website"},"primaryImageOfPage":{"@id":"https:\/\/vivaitaly.se\/sv\/stad\/bergamo.html#primaryimage"},"image":{"@id":"https:\/\/vivaitaly.se\/sv\/stad\/bergamo.html#primaryimage"},"thumbnailUrl":"https:\/\/vivaitaly.se\/wp-content\/uploads\/2022\/10\/bergamo.jpg","datePublished":"2022-10-31T10:32:28+00:00","dateModified":"2023-01-18T19:37:52+00:00","description":"L\u00e4s om Bergamo \u2013 Res till en av Italiens vackraste p\u00e4rlor! \u2713 Objektiva guider \u2713 Sev\u00e4rdheter \u2713 Tips & rekommendationer \u2713 Reseguide Bergamo.","breadcrumb":{"@id":"https:\/\/vivaitaly.se\/sv\/stad\/bergamo.html#breadcrumb"},"inLanguage":"sv-SE","potentialAction":[{"@type":"ReadAction","target":["https:\/\/vivaitaly.se\/sv\/stad\/bergamo.html"]}]},{"@type":"ImageObject","inLanguage":"sv-SE","@id":"https:\/\/vivaitaly.se\/sv\/stad\/bergamo.html#primaryimage","url":"https:\/\/vivaitaly.se\/wp-content\/uploads\/2022\/10\/bergamo.jpg","contentUrl":"https:\/\/vivaitaly.se\/wp-content\/uploads\/2022\/10\/bergamo.jpg","width":1200,"height":799,"caption":"Bergamo, Italien"},{"@type":"BreadcrumbList","@id":"https:\/\/vivaitaly.se\/sv\/stad\/bergamo.html#breadcrumb","itemListElement":[{"@type":"ListItem","position":1,"name":"Home","item":"https:\/\/vivaitaly.se\/sv"},{"@type":"ListItem","position":2,"name":"Bergamo \u2013 Res till en av Italiens vackraste p\u00e4rlor!"}]},{"@type":"WebSite","@id":"https:\/\/vivaitaly.se\/sv\/#website","url":"https:\/\/vivaitaly.se\/sv\/","name":"Vivaitaly.se","description":"","publisher":{"@id":"https:\/\/vivaitaly.se\/sv\/#organization"},"potentialAction":[{"@type":"SearchAction","target":{"@type":"EntryPoint","urlTemplate":"https:\/\/vivaitaly.se\/sv\/?s={search_term_string}"},"query-input":{"@type":"PropertyValueSpecification","valueRequired":true,"valueName":"search_term_string"}}],"inLanguage":"sv-SE"},{"@type":"Organization","@id":"https:\/\/vivaitaly.se\/sv\/#organization","name":"Vivaitaly.se","url":"https:\/\/vivaitaly.se\/sv\/","logo":{"@type":"ImageObject","inLanguage":"sv-SE","@id":"https:\/\/vivaitaly.se\/sv\/#\/schema\/logo\/image\/","url":"https:\/\/vivaitaly.se\/wp-content\/uploads\/2022\/09\/viva-italy-logo.png","contentUrl":"https:\/\/vivaitaly.se\/wp-content\/uploads\/2022\/09\/viva-italy-logo.png","width":300,"height":128,"caption":"Vivaitaly.se"},"image":{"@id":"https:\/\/vivaitaly.se\/sv\/#\/schema\/logo\/image\/"}},{"@type":"Person","@id":"https:\/\/vivaitaly.se\/sv\/#\/schema\/person\/bab78219aea067e6a02ff2fcfd754437","name":"Maria","image":{"@type":"ImageObject","inLanguage":"sv-SE","@id":"https:\/\/secure.gravatar.com\/avatar\/2c1f0dda4c2eb5208ec6d95d7b9c6d83e444146635cf57cb214db07bf390c46f?s=96&d=mm&r=g","url":"https:\/\/secure.gravatar.com\/avatar\/2c1f0dda4c2eb5208ec6d95d7b9c6d83e444146635cf57cb214db07bf390c46f?s=96&d=mm&r=g","contentUrl":"https:\/\/secure.gravatar.com\/avatar\/2c1f0dda4c2eb5208ec6d95d7b9c6d83e444146635cf57cb214db07bf390c46f?s=96&d=mm&r=g","caption":"Maria"},"url":"https:\/\/vivaitaly.se\/sv\/author\/maria"}]}},"_links":{"self":[{"href":"https:\/\/vivaitaly.se\/sv\/wp-json\/wp\/v2\/posts\/5846","targetHints":{"allow":["GET"]}}],"collection":[{"href":"https:\/\/vivaitaly.se\/sv\/wp-json\/wp\/v2\/posts"}],"about":[{"href":"https:\/\/vivaitaly.se\/sv\/wp-json\/wp\/v2\/types\/post"}],"author":[{"embeddable":true,"href":"https:\/\/vivaitaly.se\/sv\/wp-json\/wp\/v2\/users\/4"}],"replies":[{"embeddable":true,"href":"https:\/\/vivaitaly.se\/sv\/wp-json\/wp\/v2\/comments?post=5846"}],"version-history":[{"count":5,"href":"https:\/\/vivaitaly.se\/sv\/wp-json\/wp\/v2\/posts\/5846\/revisions"}],"predecessor-version":[{"id":6230,"href":"https:\/\/vivaitaly.se\/sv\/wp-json\/wp\/v2\/posts\/5846\/revisions\/6230"}],"wp:featuredmedia":[{"embeddable":true,"href":"https:\/\/vivaitaly.se\/sv\/wp-json\/wp\/v2\/media\/5766"}],"wp:attachment":[{"href":"https:\/\/vivaitaly.se\/sv\/wp-json\/wp\/v2\/media?parent=5846"}],"wp:term":[{"taxonomy":"category","embeddable":true,"href":"https:\/\/vivaitaly.se\/sv\/wp-json\/wp\/v2\/categories?post=5846"},{"taxonomy":"post_tag","embeddable":true,"href":"https:\/\/vivaitaly.se\/sv\/wp-json\/wp\/v2\/tags?post=5846"}],"curies":[{"name":"wp","href":"https:\/\/api.w.org\/{rel}","templated":true}]}}