{"id":5765,"date":"2022-10-28T16:36:56","date_gmt":"2022-10-28T16:36:56","guid":{"rendered":"https:\/\/vivaitaly.se\/?p=5765"},"modified":"2023-01-18T20:35:55","modified_gmt":"2023-01-18T20:35:55","slug":"la-spezia","status":"publish","type":"post","link":"https:\/\/vivaitaly.se\/sv\/stad\/la-spezia.html","title":{"rendered":"La Spezia \u2013 Res till vackra La Spezia i Ligurien!"},"content":{"rendered":"\n<p class=\"has-large-font-size\">I norra Italien, l\u00e4ngsmed landets v\u00e4stra kust, finner vi staden La Spezia. Den ligger i <a href=\"https:\/\/vivaitaly.se\/sv\/a\/13.html\">Ligurien<\/a> alldeles vid gr\u00e4nsen till <a href=\"https:\/\/vivaitaly.se\/sv\/a\/1.html\">Toscana<\/a>. Det ger dig en perfekt startpunkt f\u00f6r utflykter till byar och st\u00e4der som Lucca, Pisa och <a href=\"https:\/\/vivaitaly.se\/sv\/stad\/florens-renassansens-vagga.html\">Florens<\/a>. Regionen \u00e4r natursk\u00f6n och har gott om sp\u00e4nnande utflyktsm\u00e5l s\u00e5v\u00e4l som m\u00f6jlighet till sol, bad och shopping.<\/p>\n\n\n\n<hr class=\"wp-block-separator has-alpha-channel-opacity\"\/>\n\n\n\n<h2 class=\"wp-block-heading\"><strong>Hur tar du dig till La Spezia?<\/strong><\/h2>\n\n\n\n<p>Du b\u00f6rjar med att ta flyg fr\u00e5n Sverige till Galileo Galilei flygplatsen i Pisa (80 km fr\u00e5n La Spezia) eller till Cristoforo Colombo International i <a href=\"https:\/\/vivaitaly.se\/sv\/stad\/genua.html\">Genua<\/a> (110 km fr\u00e5n La Spezia). Pisas flygplats har riktigt god t\u00e5gf\u00f6rbindelse med La Spezia. Det tar inte mer \u00e4n en timma att komma fram.<\/p>\n\n\n\n<p>Om du reser till La Spezia som en del av en Italienresa \u00e4r just t\u00e5g ett bra val. La Spezia har en t\u00e5gstation p\u00e5 str\u00e4ckan som g\u00e5r fr\u00e5n Genua till <a href=\"https:\/\/vivaitaly.se\/sv\/stad\/rom.html\">Rom<\/a>. Det g\u00e5r ocks\u00e5 att n\u00e5 staden med b\u00e5t fr\u00e5n Cinque Terre och fr\u00e5n Portvenere. B\u00e5ttrafiken \u00e4r ig\u00e5ng mellan april och november.<\/p>\n\n\n\n<p>Om du reser fr\u00e5n <a href=\"https:\/\/vivaitaly.se\/sv\/stad\/milano.html\">Milano<\/a> kommer en t\u00e5gresa att ta cirka 3 timmar med expresst\u00e5g eller omkring 4 timmar med vanligt <a href=\"https:\/\/vivaitaly.se\/sv\/i\/12.html\">t\u00e5g.<\/a><\/p>\n\n\n\n<h2 class=\"wp-block-heading\"><strong>B\u00e4sta \u00e5rstiden att bes\u00f6ka staden<\/strong><\/h2>\n\n\n\n<p>Fr\u00e5n sen v\u00e5r till tidig h\u00f6st \u00e4r det behagligt v\u00e4der i La Spezia. Det regnar inte mycket och du f\u00e5r sk\u00f6na temperaturer. I juli \u00e4r det som varmast och d\u00e5 kan temperaturerna ligga p\u00e5 omkring 25 grader vilket ger dig h\u00e4rligt badv\u00e4der. Under vintern blir det s\u00e4llan kyligare \u00e4n omkring 10 grader vilket ocks\u00e5 kan upplevas som milt v\u00e4der f\u00f6r svenskar.<\/p>\n\n\n\n<p>Det regnar som mest i november och december och \u00e4r som kyligast i januari och februari. Om du vill bada s\u00e5 ska du satsa p\u00e5 ett bes\u00f6k till La Spezia mellan juni och september.<\/p>\n\n\n\n<p>Relaterad l\u00e4sning: <a href=\"\/sv\/i\/48.html\">V\u00e4der i Italien<\/a><\/p>\n\n\n\n<h2 class=\"wp-block-heading\"><strong>Vad kan du g\u00f6ra i La Spezia?<\/strong><\/h2>\n\n\n\n<p>Det finns mycket att g\u00f6ra i och omkring La Spezia. Du kan till exempel dra iv\u00e4g p\u00e5 dagsutflykter till n\u00e4rliggande Pisa f\u00f6r att se det lutande tornet eller bege dig till mysiga byar som Cinque Terre och <a href=\"https:\/\/vivaitaly.se\/sv\/stad\/portofino.html\">Portofino<\/a>. De n\u00e4rmaste byarna n\u00e5r du snabbt med t\u00e5get. Du kan vara framme p\u00e5 under en kvart!<\/p>\n\n\n\n<h3 class=\"wp-block-heading\">Exempel p\u00e5 aktiviteter i La Spezia \u00e4r:<\/h3>\n\n\n\n<h4 class=\"wp-block-heading\">Bes\u00f6k f\u00e4stningen San Giorgio<\/h4>\n\n\n\n<p>Denna f\u00e4stning byggdes under tidigt 1200-tal. Fr\u00e5n San Giorgio f\u00e5r du fin utsikt \u00f6ver staden. Den huserar ocks\u00e5 ett museum med f\u00f6rem\u00e5l fr\u00e5n brons\u00e5ldern som har hittats i denna region i Italien.<\/p>\n\n\n\n<h4 class=\"wp-block-heading\">Bes\u00f6k konstmuseum<\/h4>\n\n\n\n<p>Du kan ocks\u00e5 se konst i La Spezia. H\u00e4r finns konstmuseet Museo Civico Amedeo Lia. Det ligger p\u00e5 Via Prione som \u00e4r en mysig g\u00e5gata. Du kan bland annat kika p\u00e5 en samling med ren\u00e4ssansm\u00e5lningar. Det finns ocks\u00e5 skulpturer p\u00e5 detta museum.<\/p>\n\n\n\n<h4 class=\"wp-block-heading\">Res med b\u00e5t till Cinque Terre<\/h4>\n\n\n\n<p>Fr\u00e5n hamnen i La Spezia finns det b\u00e5tar som g\u00e5r till <a href=\"https:\/\/vivaitaly.se\/sv\/a\/1252.html\">Cinque Terre<\/a>. Det \u00e4r en by som kan vara ett perfekt utflyktsm\u00e5l f\u00f6r en dag. Den g\u00e5r ju som sagt \u00e4ven att n\u00e5 med t\u00e5g men en b\u00e5tf\u00e4rd g\u00f6r det lite extra sp\u00e4nnande att \u00e5ka.<\/p>\n\n\n\n<h4 class=\"wp-block-heading\">Ta del av evenemang<\/h4>\n\n\n\n<p>Om du kommer i mars m\u00e5nad s\u00e5 kan du bes\u00f6ka marknaden Fiera di San Giuseppe. Det \u00e4r en stor marknad som \u00e4r mer \u00e4n 1 km l\u00e5ng. Den anordnas den 17-19 mars. Bra att komma ih\u00e5g om du kommer att befinna dig i Ligurien eller n\u00e4ra under denna tid p\u00e5 \u00e5ret.<\/p>\n\n\n\n<p>Det finns ocks\u00e5 en popul\u00e4r roddb\u00e5tst\u00e4vling som anordnas den f\u00f6rsta s\u00f6ndagen i augusti. Den kallas f\u00f6r Palio del Golfo och kan vara kul att besk\u00e5da.<\/p>\n","protected":false},"excerpt":{"rendered":"<p>I norra Italien, l\u00e4ngsmed landets v\u00e4stra kust, finner vi staden La Spezia. Den ligger i Ligurien alldeles vid gr\u00e4nsen till Toscana. Det ger dig en perfekt startpunkt f\u00f6r utflykter till byar och st\u00e4der som Lucca, Pisa och Florens. Regionen \u00e4r natursk\u00f6n och har gott om sp\u00e4nnande utflyktsm\u00e5l s\u00e5v\u00e4l som m\u00f6jlighet till sol, bad och shopping. [&hellip;]<\/p>\n","protected":false},"author":4,"featured_media":5788,"comment_status":"closed","ping_status":"closed","sticky":false,"template":"","format":"standard","meta":{"footnotes":""},"categories":[72],"tags":[],"class_list":["post-5765","post","type-post","status-publish","format-standard","has-post-thumbnail","hentry","category-stad"],"yoast_head":"<!-- This site is optimized with the Yoast SEO plugin v27.3 - https:\/\/yoast.com\/product\/yoast-seo-wordpress\/ -->\n<title>La Spezia \u2013 Res till vackra La Spezia 2022 | Vivaitaly.se<\/title>\n<meta name=\"description\" content=\"L\u00e4s om La Spezia \u2013 Res till vackra La Spezia i Ligurien! \u2713 Objektiva guider \u2713 Sev\u00e4rdheter \u2713 Tips &amp; rekommendationer \u2713 Gratis information inf\u00f6r din resa till Italien.\" \/>\n<meta name=\"robots\" content=\"index, follow, max-snippet:-1, max-image-preview:large, max-video-preview:-1\" \/>\n<link rel=\"canonical\" href=\"https:\/\/vivaitaly.se\/sv\/stad\/la-spezia.html\" \/>\n<meta property=\"og:locale\" content=\"sv_SE\" \/>\n<meta property=\"og:type\" content=\"article\" \/>\n<meta property=\"og:title\" content=\"La Spezia \u2013 Res till vackra La Spezia 2022 | Vivaitaly.se\" \/>\n<meta property=\"og:description\" content=\"L\u00e4s om La Spezia \u2013 Res till vackra La Spezia i Ligurien! \u2713 Objektiva guider \u2713 Sev\u00e4rdheter \u2713 Tips &amp; rekommendationer \u2713 Gratis information inf\u00f6r din resa till Italien.\" \/>\n<meta property=\"og:url\" content=\"https:\/\/vivaitaly.se\/sv\/stad\/la-spezia.html\" \/>\n<meta property=\"og:site_name\" content=\"Vivaitaly.se\" \/>\n<meta property=\"article:published_time\" content=\"2022-10-28T16:36:56+00:00\" \/>\n<meta property=\"article:modified_time\" content=\"2023-01-18T20:35:55+00:00\" \/>\n<meta property=\"og:image\" content=\"https:\/\/vivaitaly.se\/wp-content\/uploads\/2022\/10\/la-spezia.jpg\" \/>\n\t<meta property=\"og:image:width\" content=\"1200\" \/>\n\t<meta property=\"og:image:height\" content=\"799\" \/>\n\t<meta property=\"og:image:type\" content=\"image\/jpeg\" \/>\n<meta name=\"author\" content=\"Maria\" \/>\n<meta name=\"twitter:card\" content=\"summary_large_image\" \/>\n<meta name=\"twitter:label1\" content=\"Skriven av\" \/>\n\t<meta name=\"twitter:data1\" content=\"Maria\" \/>\n\t<meta name=\"twitter:label2\" content=\"Ber\u00e4knad l\u00e4stid\" \/>\n\t<meta name=\"twitter:data2\" content=\"3 minuter\" \/>\n<script type=\"application\/ld+json\" class=\"yoast-schema-graph\">{\"@context\":\"https:\\\/\\\/schema.org\",\"@graph\":[{\"@type\":\"Article\",\"@id\":\"https:\\\/\\\/vivaitaly.se\\\/sv\\\/stad\\\/la-spezia.html#article\",\"isPartOf\":{\"@id\":\"https:\\\/\\\/vivaitaly.se\\\/sv\\\/stad\\\/la-spezia.html\"},\"author\":{\"name\":\"Maria\",\"@id\":\"https:\\\/\\\/vivaitaly.se\\\/sv\\\/#\\\/schema\\\/person\\\/bab78219aea067e6a02ff2fcfd754437\"},\"headline\":\"La Spezia \u2013 Res till vackra La Spezia i Ligurien!\",\"datePublished\":\"2022-10-28T16:36:56+00:00\",\"dateModified\":\"2023-01-18T20:35:55+00:00\",\"mainEntityOfPage\":{\"@id\":\"https:\\\/\\\/vivaitaly.se\\\/sv\\\/stad\\\/la-spezia.html\"},\"wordCount\":667,\"publisher\":{\"@id\":\"https:\\\/\\\/vivaitaly.se\\\/sv\\\/#organization\"},\"image\":{\"@id\":\"https:\\\/\\\/vivaitaly.se\\\/sv\\\/stad\\\/la-spezia.html#primaryimage\"},\"thumbnailUrl\":\"https:\\\/\\\/vivaitaly.se\\\/wp-content\\\/uploads\\\/2022\\\/10\\\/la-spezia.jpg\",\"articleSection\":[\"Italienska st\u00e4der\"],\"inLanguage\":\"sv-SE\"},{\"@type\":\"WebPage\",\"@id\":\"https:\\\/\\\/vivaitaly.se\\\/sv\\\/stad\\\/la-spezia.html\",\"url\":\"https:\\\/\\\/vivaitaly.se\\\/sv\\\/stad\\\/la-spezia.html\",\"name\":\"La Spezia \u2013 Res till vackra La Spezia 2022 | Vivaitaly.se\",\"isPartOf\":{\"@id\":\"https:\\\/\\\/vivaitaly.se\\\/sv\\\/#website\"},\"primaryImageOfPage\":{\"@id\":\"https:\\\/\\\/vivaitaly.se\\\/sv\\\/stad\\\/la-spezia.html#primaryimage\"},\"image\":{\"@id\":\"https:\\\/\\\/vivaitaly.se\\\/sv\\\/stad\\\/la-spezia.html#primaryimage\"},\"thumbnailUrl\":\"https:\\\/\\\/vivaitaly.se\\\/wp-content\\\/uploads\\\/2022\\\/10\\\/la-spezia.jpg\",\"datePublished\":\"2022-10-28T16:36:56+00:00\",\"dateModified\":\"2023-01-18T20:35:55+00:00\",\"description\":\"L\u00e4s om La Spezia \u2013 Res till vackra La Spezia i Ligurien! \u2713 Objektiva guider \u2713 Sev\u00e4rdheter \u2713 Tips & rekommendationer \u2713 Gratis information inf\u00f6r din resa till Italien.\",\"breadcrumb\":{\"@id\":\"https:\\\/\\\/vivaitaly.se\\\/sv\\\/stad\\\/la-spezia.html#breadcrumb\"},\"inLanguage\":\"sv-SE\",\"potentialAction\":[{\"@type\":\"ReadAction\",\"target\":[\"https:\\\/\\\/vivaitaly.se\\\/sv\\\/stad\\\/la-spezia.html\"]}]},{\"@type\":\"ImageObject\",\"inLanguage\":\"sv-SE\",\"@id\":\"https:\\\/\\\/vivaitaly.se\\\/sv\\\/stad\\\/la-spezia.html#primaryimage\",\"url\":\"https:\\\/\\\/vivaitaly.se\\\/wp-content\\\/uploads\\\/2022\\\/10\\\/la-spezia.jpg\",\"contentUrl\":\"https:\\\/\\\/vivaitaly.se\\\/wp-content\\\/uploads\\\/2022\\\/10\\\/la-spezia.jpg\",\"width\":1200,\"height\":799,\"caption\":\"La spezia\"},{\"@type\":\"BreadcrumbList\",\"@id\":\"https:\\\/\\\/vivaitaly.se\\\/sv\\\/stad\\\/la-spezia.html#breadcrumb\",\"itemListElement\":[{\"@type\":\"ListItem\",\"position\":1,\"name\":\"Home\",\"item\":\"https:\\\/\\\/vivaitaly.se\\\/sv\"},{\"@type\":\"ListItem\",\"position\":2,\"name\":\"La Spezia \u2013 Res till vackra La Spezia i Ligurien!\"}]},{\"@type\":\"WebSite\",\"@id\":\"https:\\\/\\\/vivaitaly.se\\\/sv\\\/#website\",\"url\":\"https:\\\/\\\/vivaitaly.se\\\/sv\\\/\",\"name\":\"Vivaitaly.se\",\"description\":\"\",\"publisher\":{\"@id\":\"https:\\\/\\\/vivaitaly.se\\\/sv\\\/#organization\"},\"potentialAction\":[{\"@type\":\"SearchAction\",\"target\":{\"@type\":\"EntryPoint\",\"urlTemplate\":\"https:\\\/\\\/vivaitaly.se\\\/sv\\\/?s={search_term_string}\"},\"query-input\":{\"@type\":\"PropertyValueSpecification\",\"valueRequired\":true,\"valueName\":\"search_term_string\"}}],\"inLanguage\":\"sv-SE\"},{\"@type\":\"Organization\",\"@id\":\"https:\\\/\\\/vivaitaly.se\\\/sv\\\/#organization\",\"name\":\"Vivaitaly.se\",\"url\":\"https:\\\/\\\/vivaitaly.se\\\/sv\\\/\",\"logo\":{\"@type\":\"ImageObject\",\"inLanguage\":\"sv-SE\",\"@id\":\"https:\\\/\\\/vivaitaly.se\\\/sv\\\/#\\\/schema\\\/logo\\\/image\\\/\",\"url\":\"https:\\\/\\\/vivaitaly.se\\\/wp-content\\\/uploads\\\/2022\\\/09\\\/viva-italy-logo.png\",\"contentUrl\":\"https:\\\/\\\/vivaitaly.se\\\/wp-content\\\/uploads\\\/2022\\\/09\\\/viva-italy-logo.png\",\"width\":300,\"height\":128,\"caption\":\"Vivaitaly.se\"},\"image\":{\"@id\":\"https:\\\/\\\/vivaitaly.se\\\/sv\\\/#\\\/schema\\\/logo\\\/image\\\/\"}},{\"@type\":\"Person\",\"@id\":\"https:\\\/\\\/vivaitaly.se\\\/sv\\\/#\\\/schema\\\/person\\\/bab78219aea067e6a02ff2fcfd754437\",\"name\":\"Maria\",\"image\":{\"@type\":\"ImageObject\",\"inLanguage\":\"sv-SE\",\"@id\":\"https:\\\/\\\/secure.gravatar.com\\\/avatar\\\/2c1f0dda4c2eb5208ec6d95d7b9c6d83e444146635cf57cb214db07bf390c46f?s=96&d=mm&r=g\",\"url\":\"https:\\\/\\\/secure.gravatar.com\\\/avatar\\\/2c1f0dda4c2eb5208ec6d95d7b9c6d83e444146635cf57cb214db07bf390c46f?s=96&d=mm&r=g\",\"contentUrl\":\"https:\\\/\\\/secure.gravatar.com\\\/avatar\\\/2c1f0dda4c2eb5208ec6d95d7b9c6d83e444146635cf57cb214db07bf390c46f?s=96&d=mm&r=g\",\"caption\":\"Maria\"},\"url\":\"https:\\\/\\\/vivaitaly.se\\\/sv\\\/author\\\/maria\"}]}<\/script>\n<!-- \/ Yoast SEO plugin. -->","yoast_head_json":{"title":"La Spezia \u2013 Res till vackra La Spezia 2022 | Vivaitaly.se","description":"L\u00e4s om La Spezia \u2013 Res till vackra La Spezia i Ligurien! \u2713 Objektiva guider \u2713 Sev\u00e4rdheter \u2713 Tips & rekommendationer \u2713 Gratis information inf\u00f6r din resa till Italien.","robots":{"index":"index","follow":"follow","max-snippet":"max-snippet:-1","max-image-preview":"max-image-preview:large","max-video-preview":"max-video-preview:-1"},"canonical":"https:\/\/vivaitaly.se\/sv\/stad\/la-spezia.html","og_locale":"sv_SE","og_type":"article","og_title":"La Spezia \u2013 Res till vackra La Spezia 2022 | Vivaitaly.se","og_description":"L\u00e4s om La Spezia \u2013 Res till vackra La Spezia i Ligurien! \u2713 Objektiva guider \u2713 Sev\u00e4rdheter \u2713 Tips & rekommendationer \u2713 Gratis information inf\u00f6r din resa till Italien.","og_url":"https:\/\/vivaitaly.se\/sv\/stad\/la-spezia.html","og_site_name":"Vivaitaly.se","article_published_time":"2022-10-28T16:36:56+00:00","article_modified_time":"2023-01-18T20:35:55+00:00","og_image":[{"width":1200,"height":799,"url":"https:\/\/vivaitaly.se\/wp-content\/uploads\/2022\/10\/la-spezia.jpg","type":"image\/jpeg"}],"author":"Maria","twitter_card":"summary_large_image","twitter_misc":{"Skriven av":"Maria","Ber\u00e4knad l\u00e4stid":"3 minuter"},"schema":{"@context":"https:\/\/schema.org","@graph":[{"@type":"Article","@id":"https:\/\/vivaitaly.se\/sv\/stad\/la-spezia.html#article","isPartOf":{"@id":"https:\/\/vivaitaly.se\/sv\/stad\/la-spezia.html"},"author":{"name":"Maria","@id":"https:\/\/vivaitaly.se\/sv\/#\/schema\/person\/bab78219aea067e6a02ff2fcfd754437"},"headline":"La Spezia \u2013 Res till vackra La Spezia i Ligurien!","datePublished":"2022-10-28T16:36:56+00:00","dateModified":"2023-01-18T20:35:55+00:00","mainEntityOfPage":{"@id":"https:\/\/vivaitaly.se\/sv\/stad\/la-spezia.html"},"wordCount":667,"publisher":{"@id":"https:\/\/vivaitaly.se\/sv\/#organization"},"image":{"@id":"https:\/\/vivaitaly.se\/sv\/stad\/la-spezia.html#primaryimage"},"thumbnailUrl":"https:\/\/vivaitaly.se\/wp-content\/uploads\/2022\/10\/la-spezia.jpg","articleSection":["Italienska st\u00e4der"],"inLanguage":"sv-SE"},{"@type":"WebPage","@id":"https:\/\/vivaitaly.se\/sv\/stad\/la-spezia.html","url":"https:\/\/vivaitaly.se\/sv\/stad\/la-spezia.html","name":"La Spezia \u2013 Res till vackra La Spezia 2022 | Vivaitaly.se","isPartOf":{"@id":"https:\/\/vivaitaly.se\/sv\/#website"},"primaryImageOfPage":{"@id":"https:\/\/vivaitaly.se\/sv\/stad\/la-spezia.html#primaryimage"},"image":{"@id":"https:\/\/vivaitaly.se\/sv\/stad\/la-spezia.html#primaryimage"},"thumbnailUrl":"https:\/\/vivaitaly.se\/wp-content\/uploads\/2022\/10\/la-spezia.jpg","datePublished":"2022-10-28T16:36:56+00:00","dateModified":"2023-01-18T20:35:55+00:00","description":"L\u00e4s om La Spezia \u2013 Res till vackra La Spezia i Ligurien! \u2713 Objektiva guider \u2713 Sev\u00e4rdheter \u2713 Tips & rekommendationer \u2713 Gratis information inf\u00f6r din resa till Italien.","breadcrumb":{"@id":"https:\/\/vivaitaly.se\/sv\/stad\/la-spezia.html#breadcrumb"},"inLanguage":"sv-SE","potentialAction":[{"@type":"ReadAction","target":["https:\/\/vivaitaly.se\/sv\/stad\/la-spezia.html"]}]},{"@type":"ImageObject","inLanguage":"sv-SE","@id":"https:\/\/vivaitaly.se\/sv\/stad\/la-spezia.html#primaryimage","url":"https:\/\/vivaitaly.se\/wp-content\/uploads\/2022\/10\/la-spezia.jpg","contentUrl":"https:\/\/vivaitaly.se\/wp-content\/uploads\/2022\/10\/la-spezia.jpg","width":1200,"height":799,"caption":"La spezia"},{"@type":"BreadcrumbList","@id":"https:\/\/vivaitaly.se\/sv\/stad\/la-spezia.html#breadcrumb","itemListElement":[{"@type":"ListItem","position":1,"name":"Home","item":"https:\/\/vivaitaly.se\/sv"},{"@type":"ListItem","position":2,"name":"La Spezia \u2013 Res till vackra La Spezia i Ligurien!"}]},{"@type":"WebSite","@id":"https:\/\/vivaitaly.se\/sv\/#website","url":"https:\/\/vivaitaly.se\/sv\/","name":"Vivaitaly.se","description":"","publisher":{"@id":"https:\/\/vivaitaly.se\/sv\/#organization"},"potentialAction":[{"@type":"SearchAction","target":{"@type":"EntryPoint","urlTemplate":"https:\/\/vivaitaly.se\/sv\/?s={search_term_string}"},"query-input":{"@type":"PropertyValueSpecification","valueRequired":true,"valueName":"search_term_string"}}],"inLanguage":"sv-SE"},{"@type":"Organization","@id":"https:\/\/vivaitaly.se\/sv\/#organization","name":"Vivaitaly.se","url":"https:\/\/vivaitaly.se\/sv\/","logo":{"@type":"ImageObject","inLanguage":"sv-SE","@id":"https:\/\/vivaitaly.se\/sv\/#\/schema\/logo\/image\/","url":"https:\/\/vivaitaly.se\/wp-content\/uploads\/2022\/09\/viva-italy-logo.png","contentUrl":"https:\/\/vivaitaly.se\/wp-content\/uploads\/2022\/09\/viva-italy-logo.png","width":300,"height":128,"caption":"Vivaitaly.se"},"image":{"@id":"https:\/\/vivaitaly.se\/sv\/#\/schema\/logo\/image\/"}},{"@type":"Person","@id":"https:\/\/vivaitaly.se\/sv\/#\/schema\/person\/bab78219aea067e6a02ff2fcfd754437","name":"Maria","image":{"@type":"ImageObject","inLanguage":"sv-SE","@id":"https:\/\/secure.gravatar.com\/avatar\/2c1f0dda4c2eb5208ec6d95d7b9c6d83e444146635cf57cb214db07bf390c46f?s=96&d=mm&r=g","url":"https:\/\/secure.gravatar.com\/avatar\/2c1f0dda4c2eb5208ec6d95d7b9c6d83e444146635cf57cb214db07bf390c46f?s=96&d=mm&r=g","contentUrl":"https:\/\/secure.gravatar.com\/avatar\/2c1f0dda4c2eb5208ec6d95d7b9c6d83e444146635cf57cb214db07bf390c46f?s=96&d=mm&r=g","caption":"Maria"},"url":"https:\/\/vivaitaly.se\/sv\/author\/maria"}]}},"_links":{"self":[{"href":"https:\/\/vivaitaly.se\/sv\/wp-json\/wp\/v2\/posts\/5765","targetHints":{"allow":["GET"]}}],"collection":[{"href":"https:\/\/vivaitaly.se\/sv\/wp-json\/wp\/v2\/posts"}],"about":[{"href":"https:\/\/vivaitaly.se\/sv\/wp-json\/wp\/v2\/types\/post"}],"author":[{"embeddable":true,"href":"https:\/\/vivaitaly.se\/sv\/wp-json\/wp\/v2\/users\/4"}],"replies":[{"embeddable":true,"href":"https:\/\/vivaitaly.se\/sv\/wp-json\/wp\/v2\/comments?post=5765"}],"version-history":[{"count":7,"href":"https:\/\/vivaitaly.se\/sv\/wp-json\/wp\/v2\/posts\/5765\/revisions"}],"predecessor-version":[{"id":6378,"href":"https:\/\/vivaitaly.se\/sv\/wp-json\/wp\/v2\/posts\/5765\/revisions\/6378"}],"wp:featuredmedia":[{"embeddable":true,"href":"https:\/\/vivaitaly.se\/sv\/wp-json\/wp\/v2\/media\/5788"}],"wp:attachment":[{"href":"https:\/\/vivaitaly.se\/sv\/wp-json\/wp\/v2\/media?parent=5765"}],"wp:term":[{"taxonomy":"category","embeddable":true,"href":"https:\/\/vivaitaly.se\/sv\/wp-json\/wp\/v2\/categories?post=5765"},{"taxonomy":"post_tag","embeddable":true,"href":"https:\/\/vivaitaly.se\/sv\/wp-json\/wp\/v2\/tags?post=5765"}],"curies":[{"name":"wp","href":"https:\/\/api.w.org\/{rel}","templated":true}]}}