{"id":3446,"date":"2022-10-05T15:27:46","date_gmt":"2022-10-05T15:27:46","guid":{"rendered":"https:\/\/vivaitaly.se\/?p=3446"},"modified":"2023-01-18T22:06:11","modified_gmt":"2023-01-18T22:06:11","slug":"16","status":"publish","type":"post","link":"https:\/\/vivaitaly.se\/sv\/a\/16.html","title":{"rendered":"Emilia Romagna"},"content":{"rendered":"\n<p class=\"has-large-font-size\">Emilia-Romagna \u00e4r en region bel\u00e4gen i norra Italien, k\u00e4nd f\u00f6r sin rika historia, kultur och kulinariska rikedomar. Regionen \u00e4r ocks\u00e5 k\u00e4nd f\u00f6r sin vackra natur och ligger mellan Appenninerna och Adriatiska havet. H\u00e4r \u00e4r en djupdykning i allt du beh\u00f6ver veta om Emilia-Romagna.<\/p>\n\n\n\n<h2 class=\"wp-block-heading\">Geografi &amp; Natur<\/h2>\n\n\n\n<p>Emilia-Romagna ligger i norra Italien och gr\u00e4nsar till <a href=\"https:\/\/vivaitaly.se\/sv\/a\/13.html\">Ligurien<\/a>, <a href=\"https:\/\/vivaitaly.se\/sv\/a\/1.html\">Toscana<\/a>, <a href=\"https:\/\/vivaitaly.se\/sv\/a\/6.html\">Umbrien<\/a>, <a href=\"https:\/\/vivaitaly.se\/sv\/a\/marche.html\">Marche<\/a>, Veneto och<a href=\"https:\/\/vivaitaly.se\/sv\/a\/lombardiet.html\"> Lombardiet<\/a>. Regionen \u00e4r uppdelad i tv\u00e5 provinser: Emilia och Romagna. Emilia \u00e4r k\u00e4nd f\u00f6r sina floder, som Po och Reno, medan Romagna \u00e4r k\u00e4nd f\u00f6r sina kullar och Adriatiska kusten.<\/p>\n\n\n\n<p>Emilia-Romagna har en m\u00e5ngfald av landskap, fr\u00e5n de l\u00e5ga kullarna i Po-dalen till de h\u00f6ga bergen i Appenninerna. Regionen \u00e4r ocks\u00e5 k\u00e4nd f\u00f6r sin vackra kustlinje med l\u00e5nga str\u00e4nder och kristallklart vatten. N\u00e5gra av de mest ber\u00f6mda naturreservaten i regionen inkluderar Parco Nazionale delle Foreste Casentinesi, Monte Sole och Parco del Delta del Po.<\/p>\n\n\n\n<h2 class=\"wp-block-heading\">Sev\u00e4rdheter &amp; Kultur<\/h2>\n\n\n\n<p>Emilia-Romagna \u00e4r rik p\u00e5 historia och kultur. Regionen har m\u00e5nga viktiga historiska platser som Ravenna, med sina v\u00e4rldsber\u00f6mda mosaiker, och <a href=\"https:\/\/vivaitaly.se\/sv\/stad\/res-till-bologna-den-roda-staden.html\">Bologna<\/a>, med sina imponerande medeltida torn. Regionen \u00e4r ocks\u00e5 k\u00e4nd f\u00f6r sin musik, teater och opera.<\/p>\n\n\n\n<p>Emilia-Romagna \u00e4r hem f\u00f6r m\u00e5nga sev\u00e4rdheter och attraktioner, h\u00e4r \u00e4r n\u00e5gra av de mest k\u00e4nda:<\/p>\n\n\n\n<ul class=\"wp-block-list\">\n<li><strong>Ravenn<\/strong>a: En av de mest k\u00e4nda st\u00e4derna i regionen, k\u00e4nd f\u00f6r sina v\u00e4rldsber\u00f6mda mosaiker fr\u00e5n det bysantinska riket. Sev\u00e4rdheter inkluderar San Vitale-basilikan, Mausoleo di Galla Placidia och Basilica di San Apollinare Nuovo.<\/li>\n\n\n\n<li><strong>Bologna<\/strong>: En av de \u00e4ldsta st\u00e4derna i Italien och k\u00e4nd f\u00f6r sin medeltida arkitektur och imponerande torn. Sev\u00e4rdheter inkluderar Piazza Maggiore, Due Torri och Basilica di San Petronio.<\/li>\n\n\n\n<li><strong>Ferrara<\/strong>: En historisk stad med en vacker medeltida stadsk\u00e4rna och m\u00e5nga palats och slott. Sev\u00e4rdheter inkluderar Castello Estense, Palazzo dei Diamanti och Cattedrale di San Giorgio.<\/li>\n\n\n\n<li><strong>Rimini:<\/strong> En popul\u00e4r kustort med l\u00e5nga str\u00e4nder och m\u00e5nga nattklubbar och restauranger. Sev\u00e4rdheter inkluderar Tiberiusbron, Arco d&#8217;Augusto och Tempio Malatestiano.<\/li>\n\n\n\n<li><strong>Parco Nazionale delle Foreste Casentinesi<\/strong>: En natursk\u00f6n park med vandringsleder, floder och vattenfall.<\/li>\n\n\n\n<li><strong>Monte Sole:<\/strong> En annan natursk\u00f6n park med vandringsleder och utsiktspunkter med panorama \u00f6ver Appenninerna.<\/li>\n\n\n\n<li><strong>Parco del Delta del Po<\/strong>: En viktig ornitologisk plats med m\u00e5nga f\u00e5gelarter och en viktigt f\u00f6r migrationsf\u00e5glar.<\/li>\n\n\n\n<li><strong>Mirabilandia<\/strong>: En av de st\u00f6rsta n\u00f6jesparkerna i Europa med m\u00e5nga attraktioner och aktiviteter f\u00f6r hela familjen.<\/li>\n<\/ul>\n\n\n\n<h2 class=\"wp-block-heading\">En region med historia som str\u00e4cker sig tillbaka till antiken<\/h2>\n\n\n\n<p class=\"has-normal-font-size\">Emilia-Romagna har en l\u00e5ng och rik historia som str\u00e4cker sig tillbaka till antiken. H\u00e4r \u00e4r en kort \u00f6versikt \u00f6ver n\u00e5gra av de viktigaste h\u00e4ndelserna i regionens historia:<\/p>\n\n\n\n<p><em>Antiken:<\/em> Emilia-Romagna var hem f\u00f6r m\u00e5nga antika st\u00e4der, inklusive Rimini, Parma och Ravenna. Dessa st\u00e4der var viktiga centra f\u00f6r handel och kultur under romarriket. M\u00e5nga av regionens antika monument, som arkader och tempel, finns fortfarande kvar idag.<\/p>\n\n\n\n<p><em>Medeltiden:<\/em> Under medeltiden var Emilia-Romagna delat upp mellan olika fyrstend\u00f6men och kyrkans territorium. Bologna och Ferrara var viktiga centra f\u00f6r handel och kultur under denna tid.<\/p>\n\n\n\n<p><em>Ren\u00e4ssansen<\/em>: Emilia-Romagna var hem f\u00f6r m\u00e5nga av de mest k\u00e4nda ren\u00e4ssanskonstn\u00e4rerna, inklusive Raphael och Correggio. M\u00e5nga av regionens palats och kyrkor byggdes under denna tid och \u00e4r fortfarande kvar idag.<\/p>\n\n\n\n<p><em>1800-talet<\/em>: Under 1800-talet var Emilia-Romagna en av de mest industrialiserade regionerna i Italien. M\u00e5nga f\u00f6retag och fabriker byggdes i regionen, inklusive j\u00e4rn- och textilindustrin.<\/p>\n\n\n\n<p><em>1900-talet<\/em>: Under f\u00f6rsta halvan av 1900-talet var Emilia-Romagna en viktig plats f\u00f6r politisk aktivism och arbetarr\u00f6relsen. Regionen var ocks\u00e5 en av de h\u00e5rdast drabbade av andra v\u00e4rldskriget och m\u00e5nga byar och st\u00e4der f\u00f6rst\u00f6rdes.<\/p>\n\n\n\n<p><em>Efterkrigstiden<\/em>: Efter andra v\u00e4rldskriget har Emilia-Romagna \u00e5terh\u00e4mtat sig och blivit en av de mest framg\u00e5ngsrika regionerna i Italien. Regionen har fortsatt att utvecklas ekonomiskt och kulturellt och \u00e4r nu k\u00e4nd f\u00f6r sin bilindustri, mat och kultur.<\/p>\n\n\n\n<hr class=\"wp-block-separator has-alpha-channel-opacity\"\/>\n","protected":false},"excerpt":{"rendered":"<p>Emilia-Romagna \u00e4r en region bel\u00e4gen i norra Italien, k\u00e4nd f\u00f6r sin rika historia, kultur och kulinariska rikedomar. Regionen \u00e4r ocks\u00e5 k\u00e4nd f\u00f6r sin vackra natur och ligger mellan Appenninerna och Adriatiska havet. H\u00e4r \u00e4r en djupdykning i allt du beh\u00f6ver veta om Emilia-Romagna. Geografi &amp; Natur Emilia-Romagna ligger i norra Italien och gr\u00e4nsar till Ligurien, [&hellip;]<\/p>\n","protected":false},"author":4,"featured_media":2660,"comment_status":"open","ping_status":"open","sticky":false,"template":"","format":"standard","meta":{"footnotes":""},"categories":[63],"tags":[],"class_list":["post-3446","post","type-post","status-publish","format-standard","has-post-thumbnail","hentry","category-a"],"yoast_head":"<!-- This site is optimized with the Yoast SEO plugin v27.3 - https:\/\/yoast.com\/product\/yoast-seo-wordpress\/ -->\n<title>Emilia Romagna | Vivaitaly.se<\/title>\n<meta name=\"description\" content=\"L\u00e4s om Emilia Romagna \u2713 Objektiva guider \u2713 Sev\u00e4rdheter \u2713 Tips &amp; rekommendationer \u2713 Gratis information inf\u00f6r din resa till Italien.\" \/>\n<meta name=\"robots\" content=\"index, follow, max-snippet:-1, max-image-preview:large, max-video-preview:-1\" \/>\n<link rel=\"canonical\" href=\"https:\/\/vivaitaly.se\/sv\/a\/16.html\" \/>\n<meta property=\"og:locale\" content=\"sv_SE\" \/>\n<meta property=\"og:type\" content=\"article\" \/>\n<meta property=\"og:title\" content=\"Emilia Romagna | Vivaitaly.se\" \/>\n<meta property=\"og:description\" content=\"L\u00e4s om Emilia Romagna \u2713 Objektiva guider \u2713 Sev\u00e4rdheter \u2713 Tips &amp; rekommendationer \u2713 Gratis information inf\u00f6r din resa till Italien.\" \/>\n<meta property=\"og:url\" content=\"https:\/\/vivaitaly.se\/sv\/a\/16.html\" \/>\n<meta property=\"og:site_name\" content=\"Vivaitaly.se\" \/>\n<meta property=\"article:published_time\" content=\"2022-10-05T15:27:46+00:00\" \/>\n<meta property=\"article:modified_time\" content=\"2023-01-18T22:06:11+00:00\" \/>\n<meta property=\"og:image\" content=\"https:\/\/vivaitaly.se\/wp-content\/uploads\/2022\/10\/5-Emilia-Romagna.jpg\" \/>\n\t<meta property=\"og:image:width\" content=\"1500\" \/>\n\t<meta property=\"og:image:height\" content=\"1000\" \/>\n\t<meta property=\"og:image:type\" content=\"image\/jpeg\" \/>\n<meta name=\"author\" content=\"Maria\" \/>\n<meta name=\"twitter:card\" content=\"summary_large_image\" \/>\n<meta name=\"twitter:label1\" content=\"Skriven av\" \/>\n\t<meta name=\"twitter:data1\" content=\"Maria\" \/>\n\t<meta name=\"twitter:label2\" content=\"Ber\u00e4knad l\u00e4stid\" \/>\n\t<meta name=\"twitter:data2\" content=\"3 minuter\" \/>\n<script type=\"application\/ld+json\" class=\"yoast-schema-graph\">{\"@context\":\"https:\\\/\\\/schema.org\",\"@graph\":[{\"@type\":\"Article\",\"@id\":\"https:\\\/\\\/vivaitaly.se\\\/sv\\\/a\\\/16.html#article\",\"isPartOf\":{\"@id\":\"https:\\\/\\\/vivaitaly.se\\\/sv\\\/a\\\/16.html\"},\"author\":{\"name\":\"Maria\",\"@id\":\"https:\\\/\\\/vivaitaly.se\\\/sv\\\/#\\\/schema\\\/person\\\/bab78219aea067e6a02ff2fcfd754437\"},\"headline\":\"Emilia Romagna\",\"datePublished\":\"2022-10-05T15:27:46+00:00\",\"dateModified\":\"2023-01-18T22:06:11+00:00\",\"mainEntityOfPage\":{\"@id\":\"https:\\\/\\\/vivaitaly.se\\\/sv\\\/a\\\/16.html\"},\"wordCount\":692,\"commentCount\":0,\"publisher\":{\"@id\":\"https:\\\/\\\/vivaitaly.se\\\/sv\\\/#organization\"},\"image\":{\"@id\":\"https:\\\/\\\/vivaitaly.se\\\/sv\\\/a\\\/16.html#primaryimage\"},\"thumbnailUrl\":\"https:\\\/\\\/vivaitaly.se\\\/wp-content\\\/uploads\\\/2022\\\/10\\\/5-Emilia-Romagna.jpg\",\"articleSection\":[\"(a) Italien\"],\"inLanguage\":\"sv-SE\"},{\"@type\":\"WebPage\",\"@id\":\"https:\\\/\\\/vivaitaly.se\\\/sv\\\/a\\\/16.html\",\"url\":\"https:\\\/\\\/vivaitaly.se\\\/sv\\\/a\\\/16.html\",\"name\":\"Emilia Romagna | Vivaitaly.se\",\"isPartOf\":{\"@id\":\"https:\\\/\\\/vivaitaly.se\\\/sv\\\/#website\"},\"primaryImageOfPage\":{\"@id\":\"https:\\\/\\\/vivaitaly.se\\\/sv\\\/a\\\/16.html#primaryimage\"},\"image\":{\"@id\":\"https:\\\/\\\/vivaitaly.se\\\/sv\\\/a\\\/16.html#primaryimage\"},\"thumbnailUrl\":\"https:\\\/\\\/vivaitaly.se\\\/wp-content\\\/uploads\\\/2022\\\/10\\\/5-Emilia-Romagna.jpg\",\"datePublished\":\"2022-10-05T15:27:46+00:00\",\"dateModified\":\"2023-01-18T22:06:11+00:00\",\"description\":\"L\u00e4s om Emilia Romagna \u2713 Objektiva guider \u2713 Sev\u00e4rdheter \u2713 Tips & rekommendationer \u2713 Gratis information inf\u00f6r din resa till Italien.\",\"breadcrumb\":{\"@id\":\"https:\\\/\\\/vivaitaly.se\\\/sv\\\/a\\\/16.html#breadcrumb\"},\"inLanguage\":\"sv-SE\",\"potentialAction\":[{\"@type\":\"ReadAction\",\"target\":[\"https:\\\/\\\/vivaitaly.se\\\/sv\\\/a\\\/16.html\"]}]},{\"@type\":\"ImageObject\",\"inLanguage\":\"sv-SE\",\"@id\":\"https:\\\/\\\/vivaitaly.se\\\/sv\\\/a\\\/16.html#primaryimage\",\"url\":\"https:\\\/\\\/vivaitaly.se\\\/wp-content\\\/uploads\\\/2022\\\/10\\\/5-Emilia-Romagna.jpg\",\"contentUrl\":\"https:\\\/\\\/vivaitaly.se\\\/wp-content\\\/uploads\\\/2022\\\/10\\\/5-Emilia-Romagna.jpg\",\"width\":1500,\"height\":1000,\"caption\":\"Emilia Romagna\"},{\"@type\":\"BreadcrumbList\",\"@id\":\"https:\\\/\\\/vivaitaly.se\\\/sv\\\/a\\\/16.html#breadcrumb\",\"itemListElement\":[{\"@type\":\"ListItem\",\"position\":1,\"name\":\"Home\",\"item\":\"https:\\\/\\\/vivaitaly.se\\\/sv\"},{\"@type\":\"ListItem\",\"position\":2,\"name\":\"Emilia Romagna\"}]},{\"@type\":\"WebSite\",\"@id\":\"https:\\\/\\\/vivaitaly.se\\\/sv\\\/#website\",\"url\":\"https:\\\/\\\/vivaitaly.se\\\/sv\\\/\",\"name\":\"Vivaitaly.se\",\"description\":\"\",\"publisher\":{\"@id\":\"https:\\\/\\\/vivaitaly.se\\\/sv\\\/#organization\"},\"potentialAction\":[{\"@type\":\"SearchAction\",\"target\":{\"@type\":\"EntryPoint\",\"urlTemplate\":\"https:\\\/\\\/vivaitaly.se\\\/sv\\\/?s={search_term_string}\"},\"query-input\":{\"@type\":\"PropertyValueSpecification\",\"valueRequired\":true,\"valueName\":\"search_term_string\"}}],\"inLanguage\":\"sv-SE\"},{\"@type\":\"Organization\",\"@id\":\"https:\\\/\\\/vivaitaly.se\\\/sv\\\/#organization\",\"name\":\"Vivaitaly.se\",\"url\":\"https:\\\/\\\/vivaitaly.se\\\/sv\\\/\",\"logo\":{\"@type\":\"ImageObject\",\"inLanguage\":\"sv-SE\",\"@id\":\"https:\\\/\\\/vivaitaly.se\\\/sv\\\/#\\\/schema\\\/logo\\\/image\\\/\",\"url\":\"https:\\\/\\\/vivaitaly.se\\\/wp-content\\\/uploads\\\/2022\\\/09\\\/viva-italy-logo.png\",\"contentUrl\":\"https:\\\/\\\/vivaitaly.se\\\/wp-content\\\/uploads\\\/2022\\\/09\\\/viva-italy-logo.png\",\"width\":300,\"height\":128,\"caption\":\"Vivaitaly.se\"},\"image\":{\"@id\":\"https:\\\/\\\/vivaitaly.se\\\/sv\\\/#\\\/schema\\\/logo\\\/image\\\/\"}},{\"@type\":\"Person\",\"@id\":\"https:\\\/\\\/vivaitaly.se\\\/sv\\\/#\\\/schema\\\/person\\\/bab78219aea067e6a02ff2fcfd754437\",\"name\":\"Maria\",\"image\":{\"@type\":\"ImageObject\",\"inLanguage\":\"sv-SE\",\"@id\":\"https:\\\/\\\/secure.gravatar.com\\\/avatar\\\/2c1f0dda4c2eb5208ec6d95d7b9c6d83e444146635cf57cb214db07bf390c46f?s=96&d=mm&r=g\",\"url\":\"https:\\\/\\\/secure.gravatar.com\\\/avatar\\\/2c1f0dda4c2eb5208ec6d95d7b9c6d83e444146635cf57cb214db07bf390c46f?s=96&d=mm&r=g\",\"contentUrl\":\"https:\\\/\\\/secure.gravatar.com\\\/avatar\\\/2c1f0dda4c2eb5208ec6d95d7b9c6d83e444146635cf57cb214db07bf390c46f?s=96&d=mm&r=g\",\"caption\":\"Maria\"},\"url\":\"https:\\\/\\\/vivaitaly.se\\\/sv\\\/author\\\/maria\"}]}<\/script>\n<!-- \/ Yoast SEO plugin. -->","yoast_head_json":{"title":"Emilia Romagna | Vivaitaly.se","description":"L\u00e4s om Emilia Romagna \u2713 Objektiva guider \u2713 Sev\u00e4rdheter \u2713 Tips & rekommendationer \u2713 Gratis information inf\u00f6r din resa till Italien.","robots":{"index":"index","follow":"follow","max-snippet":"max-snippet:-1","max-image-preview":"max-image-preview:large","max-video-preview":"max-video-preview:-1"},"canonical":"https:\/\/vivaitaly.se\/sv\/a\/16.html","og_locale":"sv_SE","og_type":"article","og_title":"Emilia Romagna | Vivaitaly.se","og_description":"L\u00e4s om Emilia Romagna \u2713 Objektiva guider \u2713 Sev\u00e4rdheter \u2713 Tips & rekommendationer \u2713 Gratis information inf\u00f6r din resa till Italien.","og_url":"https:\/\/vivaitaly.se\/sv\/a\/16.html","og_site_name":"Vivaitaly.se","article_published_time":"2022-10-05T15:27:46+00:00","article_modified_time":"2023-01-18T22:06:11+00:00","og_image":[{"width":1500,"height":1000,"url":"https:\/\/vivaitaly.se\/wp-content\/uploads\/2022\/10\/5-Emilia-Romagna.jpg","type":"image\/jpeg"}],"author":"Maria","twitter_card":"summary_large_image","twitter_misc":{"Skriven av":"Maria","Ber\u00e4knad l\u00e4stid":"3 minuter"},"schema":{"@context":"https:\/\/schema.org","@graph":[{"@type":"Article","@id":"https:\/\/vivaitaly.se\/sv\/a\/16.html#article","isPartOf":{"@id":"https:\/\/vivaitaly.se\/sv\/a\/16.html"},"author":{"name":"Maria","@id":"https:\/\/vivaitaly.se\/sv\/#\/schema\/person\/bab78219aea067e6a02ff2fcfd754437"},"headline":"Emilia Romagna","datePublished":"2022-10-05T15:27:46+00:00","dateModified":"2023-01-18T22:06:11+00:00","mainEntityOfPage":{"@id":"https:\/\/vivaitaly.se\/sv\/a\/16.html"},"wordCount":692,"commentCount":0,"publisher":{"@id":"https:\/\/vivaitaly.se\/sv\/#organization"},"image":{"@id":"https:\/\/vivaitaly.se\/sv\/a\/16.html#primaryimage"},"thumbnailUrl":"https:\/\/vivaitaly.se\/wp-content\/uploads\/2022\/10\/5-Emilia-Romagna.jpg","articleSection":["(a) Italien"],"inLanguage":"sv-SE"},{"@type":"WebPage","@id":"https:\/\/vivaitaly.se\/sv\/a\/16.html","url":"https:\/\/vivaitaly.se\/sv\/a\/16.html","name":"Emilia Romagna | Vivaitaly.se","isPartOf":{"@id":"https:\/\/vivaitaly.se\/sv\/#website"},"primaryImageOfPage":{"@id":"https:\/\/vivaitaly.se\/sv\/a\/16.html#primaryimage"},"image":{"@id":"https:\/\/vivaitaly.se\/sv\/a\/16.html#primaryimage"},"thumbnailUrl":"https:\/\/vivaitaly.se\/wp-content\/uploads\/2022\/10\/5-Emilia-Romagna.jpg","datePublished":"2022-10-05T15:27:46+00:00","dateModified":"2023-01-18T22:06:11+00:00","description":"L\u00e4s om Emilia Romagna \u2713 Objektiva guider \u2713 Sev\u00e4rdheter \u2713 Tips & rekommendationer \u2713 Gratis information inf\u00f6r din resa till Italien.","breadcrumb":{"@id":"https:\/\/vivaitaly.se\/sv\/a\/16.html#breadcrumb"},"inLanguage":"sv-SE","potentialAction":[{"@type":"ReadAction","target":["https:\/\/vivaitaly.se\/sv\/a\/16.html"]}]},{"@type":"ImageObject","inLanguage":"sv-SE","@id":"https:\/\/vivaitaly.se\/sv\/a\/16.html#primaryimage","url":"https:\/\/vivaitaly.se\/wp-content\/uploads\/2022\/10\/5-Emilia-Romagna.jpg","contentUrl":"https:\/\/vivaitaly.se\/wp-content\/uploads\/2022\/10\/5-Emilia-Romagna.jpg","width":1500,"height":1000,"caption":"Emilia Romagna"},{"@type":"BreadcrumbList","@id":"https:\/\/vivaitaly.se\/sv\/a\/16.html#breadcrumb","itemListElement":[{"@type":"ListItem","position":1,"name":"Home","item":"https:\/\/vivaitaly.se\/sv"},{"@type":"ListItem","position":2,"name":"Emilia Romagna"}]},{"@type":"WebSite","@id":"https:\/\/vivaitaly.se\/sv\/#website","url":"https:\/\/vivaitaly.se\/sv\/","name":"Vivaitaly.se","description":"","publisher":{"@id":"https:\/\/vivaitaly.se\/sv\/#organization"},"potentialAction":[{"@type":"SearchAction","target":{"@type":"EntryPoint","urlTemplate":"https:\/\/vivaitaly.se\/sv\/?s={search_term_string}"},"query-input":{"@type":"PropertyValueSpecification","valueRequired":true,"valueName":"search_term_string"}}],"inLanguage":"sv-SE"},{"@type":"Organization","@id":"https:\/\/vivaitaly.se\/sv\/#organization","name":"Vivaitaly.se","url":"https:\/\/vivaitaly.se\/sv\/","logo":{"@type":"ImageObject","inLanguage":"sv-SE","@id":"https:\/\/vivaitaly.se\/sv\/#\/schema\/logo\/image\/","url":"https:\/\/vivaitaly.se\/wp-content\/uploads\/2022\/09\/viva-italy-logo.png","contentUrl":"https:\/\/vivaitaly.se\/wp-content\/uploads\/2022\/09\/viva-italy-logo.png","width":300,"height":128,"caption":"Vivaitaly.se"},"image":{"@id":"https:\/\/vivaitaly.se\/sv\/#\/schema\/logo\/image\/"}},{"@type":"Person","@id":"https:\/\/vivaitaly.se\/sv\/#\/schema\/person\/bab78219aea067e6a02ff2fcfd754437","name":"Maria","image":{"@type":"ImageObject","inLanguage":"sv-SE","@id":"https:\/\/secure.gravatar.com\/avatar\/2c1f0dda4c2eb5208ec6d95d7b9c6d83e444146635cf57cb214db07bf390c46f?s=96&d=mm&r=g","url":"https:\/\/secure.gravatar.com\/avatar\/2c1f0dda4c2eb5208ec6d95d7b9c6d83e444146635cf57cb214db07bf390c46f?s=96&d=mm&r=g","contentUrl":"https:\/\/secure.gravatar.com\/avatar\/2c1f0dda4c2eb5208ec6d95d7b9c6d83e444146635cf57cb214db07bf390c46f?s=96&d=mm&r=g","caption":"Maria"},"url":"https:\/\/vivaitaly.se\/sv\/author\/maria"}]}},"_links":{"self":[{"href":"https:\/\/vivaitaly.se\/sv\/wp-json\/wp\/v2\/posts\/3446","targetHints":{"allow":["GET"]}}],"collection":[{"href":"https:\/\/vivaitaly.se\/sv\/wp-json\/wp\/v2\/posts"}],"about":[{"href":"https:\/\/vivaitaly.se\/sv\/wp-json\/wp\/v2\/types\/post"}],"author":[{"embeddable":true,"href":"https:\/\/vivaitaly.se\/sv\/wp-json\/wp\/v2\/users\/4"}],"replies":[{"embeddable":true,"href":"https:\/\/vivaitaly.se\/sv\/wp-json\/wp\/v2\/comments?post=3446"}],"version-history":[{"count":10,"href":"https:\/\/vivaitaly.se\/sv\/wp-json\/wp\/v2\/posts\/3446\/revisions"}],"predecessor-version":[{"id":6677,"href":"https:\/\/vivaitaly.se\/sv\/wp-json\/wp\/v2\/posts\/3446\/revisions\/6677"}],"wp:featuredmedia":[{"embeddable":true,"href":"https:\/\/vivaitaly.se\/sv\/wp-json\/wp\/v2\/media\/2660"}],"wp:attachment":[{"href":"https:\/\/vivaitaly.se\/sv\/wp-json\/wp\/v2\/media?parent=3446"}],"wp:term":[{"taxonomy":"category","embeddable":true,"href":"https:\/\/vivaitaly.se\/sv\/wp-json\/wp\/v2\/categories?post=3446"},{"taxonomy":"post_tag","embeddable":true,"href":"https:\/\/vivaitaly.se\/sv\/wp-json\/wp\/v2\/tags?post=3446"}],"curies":[{"name":"wp","href":"https:\/\/api.w.org\/{rel}","templated":true}]}}