{"id":2825,"date":"2022-10-04T09:53:28","date_gmt":"2022-10-04T09:53:28","guid":{"rendered":"https:\/\/vivaitaly.se\/?p=2825"},"modified":"2023-01-18T20:56:57","modified_gmt":"2023-01-18T20:56:57","slug":"128","status":"publish","type":"post","link":"https:\/\/vivaitaly.se\/sv\/a\/128.html","title":{"rendered":"Sixtinska Kapellet"},"content":{"rendered":"\n<p><a href=\"\/sv\/a\/14.html\">LAZIO<\/a> &#8211; <a href=\"https:\/\/vivaitaly.se\/sv\/stad\/rom.html\">Rom<\/a><\/p>\n\n\n\n<p class=\"has-large-font-size\">Sixtinska kapellet \u00e4r en av v\u00e4rldens mest ber\u00f6mda kyrkliga byggnader, bel\u00e4gen Vatikanstaten i Rom, Italien. Kapellet \u00e4r k\u00e4nt f\u00f6r sina unika fresker, m\u00e5lade av Michelangelo mellan \u00e5ren 1508-1512, samt sin arkitektur och roll inom den katolska kyrkan.<\/p>\n\n\n\n<h2 class=\"wp-block-heading\">Byggdes 1475 under p\u00e5ve Sixtus IV:s regeringstid<\/h2>\n\n\n\n<p>Sixtinska kapellet b\u00f6rjade byggas \u00e5r 1475 under p\u00e5ve Sixtus IV:s regeringstid och tog mer \u00e4n 20 \u00e5r att f\u00e4rdigst\u00e4llas. Kapellet ersatte en \u00e4ldre kapel p\u00e5 samma plats och var t\u00e4nkt att vara en privata b\u00f6nplats f\u00f6r p\u00e5ven och hans familj. <\/p>\n\n\n\n<h2 class=\"wp-block-heading\">Stor betydelse inom konsthistorian<\/h2>\n\n\n\n<p>Sixtinska kapellets konst \u00e4r en av dess mest k\u00e4nda drag. Freskerna p\u00e5 v\u00e4ggarna och taket m\u00e5lades av Michelangelo och \u00e4r k\u00e4nda f\u00f6r deras skicklighet och detaljrikedom. Skapelseskildringar som skapelsen av Adam och Eva \u00e4r n\u00e5gra av de mest ber\u00f6mda freskerna i kapellet. Dessa fresker \u00e4r ocks\u00e5 viktiga f\u00f6r deras betydelse inom konsthistorien, eftersom de anses vara n\u00e5gra av de fr\u00e4msta exempelen p\u00e5 ren\u00e4ssanskonst.<\/p>\n\n\n\n<h2 class=\"wp-block-heading\">Viktig f\u00f6r den katolska kyrkan<\/h2>\n\n\n\n<p>Sixtinska kapellet \u00e4r viktigt f\u00f6r den katolska kyrkan och dess roll som en plats f\u00f6r religi\u00f6sa ceremonier och h\u00f6gtider. Kapellet \u00e4r k\u00e4nt f\u00f6r att vara platsen f\u00f6r valet av varje ny p\u00e5ve och anv\u00e4nds ofta f\u00f6r speciella ceremonier som p\u00e5vekr\u00f6ningen och p\u00e5vemassan. Kapellet \u00e4r ocks\u00e5 \u00f6ppet f\u00f6r allm\u00e4nheten att bes\u00f6ka och m\u00e5nga pilgrimer reser f\u00f6r att se freskerna och be i kapellet.<\/p>\n\n\n\n<h2 class=\"wp-block-heading\">Bokning av biljetter<\/h2>\n\n\n\n<p>F\u00f6r att bes\u00f6ka Sixtinska kapellet m\u00e5ste man k\u00f6pa biljetter. Biljetterna kan k\u00f6pas p\u00e5 plats eller f\u00f6rbest\u00e4llas via internet. Det rekommenderas att man f\u00f6rbest\u00e4ller biljetter eftersom bes\u00f6kare som inte har f\u00f6rbest\u00e4llda biljetter kan k\u00f6a i timmar f\u00f6r att komma in.<\/p>\n\n\n\n<p>Biljetter kan k\u00f6pas p\u00e5 <a href=\"https:\/\/www.thevaticantickets.com\/\">https:\/\/www.thevaticantickets.com\/<\/a><\/p>\n\n\n\n<h2 class=\"wp-block-heading\">\u00d6ppetider<\/h2>\n\n\n\n<p>\u00d6ppetiderna f\u00f6r Sixtinska kapellet varierar beroende p\u00e5 \u00e5rstid och speciella h\u00e4ndelser. Vanligtvis \u00e4r kapellet \u00f6ppet f\u00f6r bes\u00f6kare mellan klockan 8:00 och 16:00 p\u00e5 vardagar och mellan klockan 8:00 och 13:30 p\u00e5 helger och helgdagar. Kapellet \u00e4r st\u00e4ngt p\u00e5 vissa helgdagar, s\u00e5 det rekommenderas att man kontrollerar \u00f6ppettiderna i f\u00f6rv\u00e4g. <\/p>\n\n\n\n<p>Det \u00e4r ocks\u00e5 viktigt att notera att bes\u00f6kare inte f\u00e5r ta med sig v\u00e4skor eller kameror inuti kapellet, s\u00e5 det \u00e4r viktigt att planera f\u00f6r detta i f\u00f6rv\u00e4g.<\/p>\n","protected":false},"excerpt":{"rendered":"<p>LAZIO &#8211; Rom Sixtinska kapellet \u00e4r en av v\u00e4rldens mest ber\u00f6mda kyrkliga byggnader, bel\u00e4gen Vatikanstaten i Rom, Italien. Kapellet \u00e4r k\u00e4nt f\u00f6r sina unika fresker, m\u00e5lade av Michelangelo mellan \u00e5ren 1508-1512, samt sin arkitektur och roll inom den katolska kyrkan. Byggdes 1475 under p\u00e5ve Sixtus IV:s regeringstid Sixtinska kapellet b\u00f6rjade byggas \u00e5r 1475 under p\u00e5ve [&hellip;]<\/p>\n","protected":false},"author":5,"featured_media":3104,"comment_status":"open","ping_status":"open","sticky":true,"template":"","format":"standard","meta":{"footnotes":""},"categories":[63,67],"tags":[],"class_list":["post-2825","post","type-post","status-publish","format-standard","has-post-thumbnail","hentry","category-a","category-museum"],"yoast_head":"<!-- This site is optimized with the Yoast SEO plugin v27.3 - https:\/\/yoast.com\/product\/yoast-seo-wordpress\/ -->\n<title>Sixtinska Kapellet \u00e4r definitivt v\u00e4rt ett bes\u00f6k! | Vivaitaly.se<\/title>\n<meta name=\"description\" content=\"L\u00e4s om Sixtinska Kapellet \u2713 Objektiva guider \u2713 Sev\u00e4rdheter \u2713 Tips &amp; rekommendationer\" \/>\n<meta name=\"robots\" content=\"index, follow, max-snippet:-1, max-image-preview:large, max-video-preview:-1\" \/>\n<link rel=\"canonical\" href=\"https:\/\/vivaitaly.se\/sv\/a\/128.html\" \/>\n<meta property=\"og:locale\" content=\"sv_SE\" \/>\n<meta property=\"og:type\" content=\"article\" \/>\n<meta property=\"og:title\" content=\"Sixtinska Kapellet \u00e4r definitivt v\u00e4rt ett bes\u00f6k! | Vivaitaly.se\" \/>\n<meta property=\"og:description\" content=\"L\u00e4s om Sixtinska Kapellet \u2713 Objektiva guider \u2713 Sev\u00e4rdheter \u2713 Tips &amp; rekommendationer\" \/>\n<meta property=\"og:url\" content=\"https:\/\/vivaitaly.se\/sv\/a\/128.html\" \/>\n<meta property=\"og:site_name\" content=\"Vivaitaly.se\" \/>\n<meta property=\"article:published_time\" content=\"2022-10-04T09:53:28+00:00\" \/>\n<meta property=\"article:modified_time\" content=\"2023-01-18T20:56:57+00:00\" \/>\n<meta property=\"og:image\" content=\"https:\/\/vivaitaly.se\/wp-content\/uploads\/2022\/10\/21-Vatikanmuseerna-res.jpg\" \/>\n\t<meta property=\"og:image:width\" content=\"1500\" \/>\n\t<meta property=\"og:image:height\" content=\"1000\" \/>\n\t<meta property=\"og:image:type\" content=\"image\/jpeg\" \/>\n<meta name=\"author\" content=\"Lisa Moretti\" \/>\n<meta name=\"twitter:card\" content=\"summary_large_image\" \/>\n<meta name=\"twitter:label1\" content=\"Skriven av\" \/>\n\t<meta name=\"twitter:data1\" content=\"Lisa Moretti\" \/>\n\t<meta name=\"twitter:label2\" content=\"Ber\u00e4knad l\u00e4stid\" \/>\n\t<meta name=\"twitter:data2\" content=\"2 minuter\" \/>\n<script type=\"application\/ld+json\" class=\"yoast-schema-graph\">{\"@context\":\"https:\\\/\\\/schema.org\",\"@graph\":[{\"@type\":\"Article\",\"@id\":\"https:\\\/\\\/vivaitaly.se\\\/sv\\\/a\\\/128.html#article\",\"isPartOf\":{\"@id\":\"https:\\\/\\\/vivaitaly.se\\\/sv\\\/a\\\/128.html\"},\"author\":{\"name\":\"Lisa Moretti\",\"@id\":\"https:\\\/\\\/vivaitaly.se\\\/sv\\\/#\\\/schema\\\/person\\\/eaf7082eabc1e9db4322071ffce261f2\"},\"headline\":\"Sixtinska Kapellet\",\"datePublished\":\"2022-10-04T09:53:28+00:00\",\"dateModified\":\"2023-01-18T20:56:57+00:00\",\"mainEntityOfPage\":{\"@id\":\"https:\\\/\\\/vivaitaly.se\\\/sv\\\/a\\\/128.html\"},\"wordCount\":419,\"commentCount\":0,\"publisher\":{\"@id\":\"https:\\\/\\\/vivaitaly.se\\\/sv\\\/#organization\"},\"image\":{\"@id\":\"https:\\\/\\\/vivaitaly.se\\\/sv\\\/a\\\/128.html#primaryimage\"},\"thumbnailUrl\":\"https:\\\/\\\/vivaitaly.se\\\/wp-content\\\/uploads\\\/2022\\\/10\\\/21-Vatikanmuseerna-res.jpg\",\"articleSection\":[\"(a) Italien\",\"Museum i italien\"],\"inLanguage\":\"sv-SE\"},{\"@type\":\"WebPage\",\"@id\":\"https:\\\/\\\/vivaitaly.se\\\/sv\\\/a\\\/128.html\",\"url\":\"https:\\\/\\\/vivaitaly.se\\\/sv\\\/a\\\/128.html\",\"name\":\"Sixtinska Kapellet \u00e4r definitivt v\u00e4rt ett bes\u00f6k! | Vivaitaly.se\",\"isPartOf\":{\"@id\":\"https:\\\/\\\/vivaitaly.se\\\/sv\\\/#website\"},\"primaryImageOfPage\":{\"@id\":\"https:\\\/\\\/vivaitaly.se\\\/sv\\\/a\\\/128.html#primaryimage\"},\"image\":{\"@id\":\"https:\\\/\\\/vivaitaly.se\\\/sv\\\/a\\\/128.html#primaryimage\"},\"thumbnailUrl\":\"https:\\\/\\\/vivaitaly.se\\\/wp-content\\\/uploads\\\/2022\\\/10\\\/21-Vatikanmuseerna-res.jpg\",\"datePublished\":\"2022-10-04T09:53:28+00:00\",\"dateModified\":\"2023-01-18T20:56:57+00:00\",\"description\":\"L\u00e4s om Sixtinska Kapellet \u2713 Objektiva guider \u2713 Sev\u00e4rdheter \u2713 Tips & rekommendationer\",\"breadcrumb\":{\"@id\":\"https:\\\/\\\/vivaitaly.se\\\/sv\\\/a\\\/128.html#breadcrumb\"},\"inLanguage\":\"sv-SE\",\"potentialAction\":[{\"@type\":\"ReadAction\",\"target\":[\"https:\\\/\\\/vivaitaly.se\\\/sv\\\/a\\\/128.html\"]}]},{\"@type\":\"ImageObject\",\"inLanguage\":\"sv-SE\",\"@id\":\"https:\\\/\\\/vivaitaly.se\\\/sv\\\/a\\\/128.html#primaryimage\",\"url\":\"https:\\\/\\\/vivaitaly.se\\\/wp-content\\\/uploads\\\/2022\\\/10\\\/21-Vatikanmuseerna-res.jpg\",\"contentUrl\":\"https:\\\/\\\/vivaitaly.se\\\/wp-content\\\/uploads\\\/2022\\\/10\\\/21-Vatikanmuseerna-res.jpg\",\"width\":1500,\"height\":1000,\"caption\":\"Vatikanmuseerna\"},{\"@type\":\"BreadcrumbList\",\"@id\":\"https:\\\/\\\/vivaitaly.se\\\/sv\\\/a\\\/128.html#breadcrumb\",\"itemListElement\":[{\"@type\":\"ListItem\",\"position\":1,\"name\":\"Home\",\"item\":\"https:\\\/\\\/vivaitaly.se\\\/sv\"},{\"@type\":\"ListItem\",\"position\":2,\"name\":\"Sixtinska Kapellet\"}]},{\"@type\":\"WebSite\",\"@id\":\"https:\\\/\\\/vivaitaly.se\\\/sv\\\/#website\",\"url\":\"https:\\\/\\\/vivaitaly.se\\\/sv\\\/\",\"name\":\"Vivaitaly.se\",\"description\":\"\",\"publisher\":{\"@id\":\"https:\\\/\\\/vivaitaly.se\\\/sv\\\/#organization\"},\"potentialAction\":[{\"@type\":\"SearchAction\",\"target\":{\"@type\":\"EntryPoint\",\"urlTemplate\":\"https:\\\/\\\/vivaitaly.se\\\/sv\\\/?s={search_term_string}\"},\"query-input\":{\"@type\":\"PropertyValueSpecification\",\"valueRequired\":true,\"valueName\":\"search_term_string\"}}],\"inLanguage\":\"sv-SE\"},{\"@type\":\"Organization\",\"@id\":\"https:\\\/\\\/vivaitaly.se\\\/sv\\\/#organization\",\"name\":\"Vivaitaly.se\",\"url\":\"https:\\\/\\\/vivaitaly.se\\\/sv\\\/\",\"logo\":{\"@type\":\"ImageObject\",\"inLanguage\":\"sv-SE\",\"@id\":\"https:\\\/\\\/vivaitaly.se\\\/sv\\\/#\\\/schema\\\/logo\\\/image\\\/\",\"url\":\"https:\\\/\\\/vivaitaly.se\\\/wp-content\\\/uploads\\\/2022\\\/09\\\/viva-italy-logo.png\",\"contentUrl\":\"https:\\\/\\\/vivaitaly.se\\\/wp-content\\\/uploads\\\/2022\\\/09\\\/viva-italy-logo.png\",\"width\":300,\"height\":128,\"caption\":\"Vivaitaly.se\"},\"image\":{\"@id\":\"https:\\\/\\\/vivaitaly.se\\\/sv\\\/#\\\/schema\\\/logo\\\/image\\\/\"}},{\"@type\":\"Person\",\"@id\":\"https:\\\/\\\/vivaitaly.se\\\/sv\\\/#\\\/schema\\\/person\\\/eaf7082eabc1e9db4322071ffce261f2\",\"name\":\"Lisa Moretti\",\"image\":{\"@type\":\"ImageObject\",\"inLanguage\":\"sv-SE\",\"@id\":\"https:\\\/\\\/secure.gravatar.com\\\/avatar\\\/0e97ce1939cbb400f664d16878d5072d4f432a9b7589194550abb05a70b3d827?s=96&d=mm&r=g\",\"url\":\"https:\\\/\\\/secure.gravatar.com\\\/avatar\\\/0e97ce1939cbb400f664d16878d5072d4f432a9b7589194550abb05a70b3d827?s=96&d=mm&r=g\",\"contentUrl\":\"https:\\\/\\\/secure.gravatar.com\\\/avatar\\\/0e97ce1939cbb400f664d16878d5072d4f432a9b7589194550abb05a70b3d827?s=96&d=mm&r=g\",\"caption\":\"Lisa Moretti\"},\"url\":\"https:\\\/\\\/vivaitaly.se\\\/sv\\\/author\\\/lisa\"}]}<\/script>\n<!-- \/ Yoast SEO plugin. -->","yoast_head_json":{"title":"Sixtinska Kapellet \u00e4r definitivt v\u00e4rt ett bes\u00f6k! | Vivaitaly.se","description":"L\u00e4s om Sixtinska Kapellet \u2713 Objektiva guider \u2713 Sev\u00e4rdheter \u2713 Tips & rekommendationer","robots":{"index":"index","follow":"follow","max-snippet":"max-snippet:-1","max-image-preview":"max-image-preview:large","max-video-preview":"max-video-preview:-1"},"canonical":"https:\/\/vivaitaly.se\/sv\/a\/128.html","og_locale":"sv_SE","og_type":"article","og_title":"Sixtinska Kapellet \u00e4r definitivt v\u00e4rt ett bes\u00f6k! | Vivaitaly.se","og_description":"L\u00e4s om Sixtinska Kapellet \u2713 Objektiva guider \u2713 Sev\u00e4rdheter \u2713 Tips & rekommendationer","og_url":"https:\/\/vivaitaly.se\/sv\/a\/128.html","og_site_name":"Vivaitaly.se","article_published_time":"2022-10-04T09:53:28+00:00","article_modified_time":"2023-01-18T20:56:57+00:00","og_image":[{"width":1500,"height":1000,"url":"https:\/\/vivaitaly.se\/wp-content\/uploads\/2022\/10\/21-Vatikanmuseerna-res.jpg","type":"image\/jpeg"}],"author":"Lisa Moretti","twitter_card":"summary_large_image","twitter_misc":{"Skriven av":"Lisa Moretti","Ber\u00e4knad l\u00e4stid":"2 minuter"},"schema":{"@context":"https:\/\/schema.org","@graph":[{"@type":"Article","@id":"https:\/\/vivaitaly.se\/sv\/a\/128.html#article","isPartOf":{"@id":"https:\/\/vivaitaly.se\/sv\/a\/128.html"},"author":{"name":"Lisa Moretti","@id":"https:\/\/vivaitaly.se\/sv\/#\/schema\/person\/eaf7082eabc1e9db4322071ffce261f2"},"headline":"Sixtinska Kapellet","datePublished":"2022-10-04T09:53:28+00:00","dateModified":"2023-01-18T20:56:57+00:00","mainEntityOfPage":{"@id":"https:\/\/vivaitaly.se\/sv\/a\/128.html"},"wordCount":419,"commentCount":0,"publisher":{"@id":"https:\/\/vivaitaly.se\/sv\/#organization"},"image":{"@id":"https:\/\/vivaitaly.se\/sv\/a\/128.html#primaryimage"},"thumbnailUrl":"https:\/\/vivaitaly.se\/wp-content\/uploads\/2022\/10\/21-Vatikanmuseerna-res.jpg","articleSection":["(a) Italien","Museum i italien"],"inLanguage":"sv-SE"},{"@type":"WebPage","@id":"https:\/\/vivaitaly.se\/sv\/a\/128.html","url":"https:\/\/vivaitaly.se\/sv\/a\/128.html","name":"Sixtinska Kapellet \u00e4r definitivt v\u00e4rt ett bes\u00f6k! | Vivaitaly.se","isPartOf":{"@id":"https:\/\/vivaitaly.se\/sv\/#website"},"primaryImageOfPage":{"@id":"https:\/\/vivaitaly.se\/sv\/a\/128.html#primaryimage"},"image":{"@id":"https:\/\/vivaitaly.se\/sv\/a\/128.html#primaryimage"},"thumbnailUrl":"https:\/\/vivaitaly.se\/wp-content\/uploads\/2022\/10\/21-Vatikanmuseerna-res.jpg","datePublished":"2022-10-04T09:53:28+00:00","dateModified":"2023-01-18T20:56:57+00:00","description":"L\u00e4s om Sixtinska Kapellet \u2713 Objektiva guider \u2713 Sev\u00e4rdheter \u2713 Tips & rekommendationer","breadcrumb":{"@id":"https:\/\/vivaitaly.se\/sv\/a\/128.html#breadcrumb"},"inLanguage":"sv-SE","potentialAction":[{"@type":"ReadAction","target":["https:\/\/vivaitaly.se\/sv\/a\/128.html"]}]},{"@type":"ImageObject","inLanguage":"sv-SE","@id":"https:\/\/vivaitaly.se\/sv\/a\/128.html#primaryimage","url":"https:\/\/vivaitaly.se\/wp-content\/uploads\/2022\/10\/21-Vatikanmuseerna-res.jpg","contentUrl":"https:\/\/vivaitaly.se\/wp-content\/uploads\/2022\/10\/21-Vatikanmuseerna-res.jpg","width":1500,"height":1000,"caption":"Vatikanmuseerna"},{"@type":"BreadcrumbList","@id":"https:\/\/vivaitaly.se\/sv\/a\/128.html#breadcrumb","itemListElement":[{"@type":"ListItem","position":1,"name":"Home","item":"https:\/\/vivaitaly.se\/sv"},{"@type":"ListItem","position":2,"name":"Sixtinska Kapellet"}]},{"@type":"WebSite","@id":"https:\/\/vivaitaly.se\/sv\/#website","url":"https:\/\/vivaitaly.se\/sv\/","name":"Vivaitaly.se","description":"","publisher":{"@id":"https:\/\/vivaitaly.se\/sv\/#organization"},"potentialAction":[{"@type":"SearchAction","target":{"@type":"EntryPoint","urlTemplate":"https:\/\/vivaitaly.se\/sv\/?s={search_term_string}"},"query-input":{"@type":"PropertyValueSpecification","valueRequired":true,"valueName":"search_term_string"}}],"inLanguage":"sv-SE"},{"@type":"Organization","@id":"https:\/\/vivaitaly.se\/sv\/#organization","name":"Vivaitaly.se","url":"https:\/\/vivaitaly.se\/sv\/","logo":{"@type":"ImageObject","inLanguage":"sv-SE","@id":"https:\/\/vivaitaly.se\/sv\/#\/schema\/logo\/image\/","url":"https:\/\/vivaitaly.se\/wp-content\/uploads\/2022\/09\/viva-italy-logo.png","contentUrl":"https:\/\/vivaitaly.se\/wp-content\/uploads\/2022\/09\/viva-italy-logo.png","width":300,"height":128,"caption":"Vivaitaly.se"},"image":{"@id":"https:\/\/vivaitaly.se\/sv\/#\/schema\/logo\/image\/"}},{"@type":"Person","@id":"https:\/\/vivaitaly.se\/sv\/#\/schema\/person\/eaf7082eabc1e9db4322071ffce261f2","name":"Lisa Moretti","image":{"@type":"ImageObject","inLanguage":"sv-SE","@id":"https:\/\/secure.gravatar.com\/avatar\/0e97ce1939cbb400f664d16878d5072d4f432a9b7589194550abb05a70b3d827?s=96&d=mm&r=g","url":"https:\/\/secure.gravatar.com\/avatar\/0e97ce1939cbb400f664d16878d5072d4f432a9b7589194550abb05a70b3d827?s=96&d=mm&r=g","contentUrl":"https:\/\/secure.gravatar.com\/avatar\/0e97ce1939cbb400f664d16878d5072d4f432a9b7589194550abb05a70b3d827?s=96&d=mm&r=g","caption":"Lisa Moretti"},"url":"https:\/\/vivaitaly.se\/sv\/author\/lisa"}]}},"_links":{"self":[{"href":"https:\/\/vivaitaly.se\/sv\/wp-json\/wp\/v2\/posts\/2825","targetHints":{"allow":["GET"]}}],"collection":[{"href":"https:\/\/vivaitaly.se\/sv\/wp-json\/wp\/v2\/posts"}],"about":[{"href":"https:\/\/vivaitaly.se\/sv\/wp-json\/wp\/v2\/types\/post"}],"author":[{"embeddable":true,"href":"https:\/\/vivaitaly.se\/sv\/wp-json\/wp\/v2\/users\/5"}],"replies":[{"embeddable":true,"href":"https:\/\/vivaitaly.se\/sv\/wp-json\/wp\/v2\/comments?post=2825"}],"version-history":[{"count":8,"href":"https:\/\/vivaitaly.se\/sv\/wp-json\/wp\/v2\/posts\/2825\/revisions"}],"predecessor-version":[{"id":6463,"href":"https:\/\/vivaitaly.se\/sv\/wp-json\/wp\/v2\/posts\/2825\/revisions\/6463"}],"wp:featuredmedia":[{"embeddable":true,"href":"https:\/\/vivaitaly.se\/sv\/wp-json\/wp\/v2\/media\/3104"}],"wp:attachment":[{"href":"https:\/\/vivaitaly.se\/sv\/wp-json\/wp\/v2\/media?parent=2825"}],"wp:term":[{"taxonomy":"category","embeddable":true,"href":"https:\/\/vivaitaly.se\/sv\/wp-json\/wp\/v2\/categories?post=2825"},{"taxonomy":"post_tag","embeddable":true,"href":"https:\/\/vivaitaly.se\/sv\/wp-json\/wp\/v2\/tags?post=2825"}],"curies":[{"name":"wp","href":"https:\/\/api.w.org\/{rel}","templated":true}]}}